{"id":980,"date":"2020-03-09T09:56:48","date_gmt":"2020-03-09T09:56:48","guid":{"rendered":"https:\/\/alternativamendrisio.ch\/index.php\/2020\/03\/09\/le-vie-al-femminile-copy\/"},"modified":"2020-09-08T19:23:46","modified_gmt":"2020-09-08T19:23:46","slug":"la-lezione-finlandese-di-sanna-marin","status":"publish","type":"post","link":"https:\/\/alternativamendrisio.ch\/index.php\/2020\/03\/09\/la-lezione-finlandese-di-sanna-marin\/","title":{"rendered":"La lezione finlandese di Sanna Marin"},"content":{"rendered":"<!--themify_builder_content-->\n<div id=\"themify_builder_content-980\" data-postid=\"980\" class=\"themify_builder_content themify_builder_content-980 themify_builder tf_clear\">\n                    <div  data-css_id=\"s634959\" data-lazy=\"1\" class=\"module_row themify_builder_row fullwidth tb_s634959 tb_first tf_w\">\n                        <div class=\"row_inner col_align_top tb_col_count_1 tf_box tf_rel\">\n                        <div  data-lazy=\"1\" class=\"module_column tb-column col-full tb_y5jw959 first\">\n                    <!-- module text -->\n<div  class=\"module module-text tb_kw2e960   \" data-lazy=\"1\">\n        <div  class=\"tb_text_wrap\">\n        <p>Ha 34 anni, \u00e8 donna ed \u00e8 stata cresciuta a Helsinki da due madri, poich\u00e9 la sua madre naturale ha scelto una donna come compagna di vita. Lei si chiama <strong>Sanna Marin<\/strong> e, dallo scorso mese di dicembre, \u00e8 <strong>la premier pi\u00f9 giovane del mondo<\/strong>.<\/p>\n<p>La giovane politica finlandese, ex Ministra dei Trasporti, guider\u00e0 infatti una coalizione di governo capeggiata dal partito socialdemocratico e che include altri quattro partiti, tutti condotti da <strong>leader donne<\/strong>, di cui tre tra i 30 ed i 40 anni.<\/p>\n<p>I temi del programma di governo toccano problematiche molto sentite dalla generazione dei millenials che vanno dall\u2019<strong>ecologia<\/strong> all\u2019<strong>istruzione<\/strong>, dal <strong>welfare<\/strong> fino alle <strong>disparit\u00e0 di reddito<\/strong>, con un\u2019attenzione particolare per le <strong>politiche sociali<\/strong> e per la spesa legata <strong>all\u2019occupazione giovanile<\/strong>.<\/p>\n<p>\u201cNon ho mai pensato alla mia\u00a0<strong>et\u00e0<\/strong><strong>\u00a0<\/strong>o al mio<strong>\u00a0<\/strong><strong>sesso<\/strong>, penso alle ragioni per cui sono entrata in\u00a0<strong>politica<\/strong>\u201d, ha dichiarato la Premier finlandese dopo la fiducia ricevuta dal Parlamento. La morale? La lezione finlandese ci insegna che un\u2019alternativa \u00e8 possibile, basta volerlo. E votarla (fonte: <a href=\"http:\/\/www.ilfattoquotidiano.it\">www.ilfattoquotidiano.it<\/a>).<\/p>    <\/div>\n<\/div>\n<!-- \/module text -->        <\/div>\n                        <\/div>\n        <\/div>\n        <\/div>\n<!--\/themify_builder_content-->\n","protected":false},"excerpt":{"rendered":"<p>Ha 34 anni, \u00e8 donna ed \u00e8 stata cresciuta a Helsinki da due madri, poich\u00e9 la sua madre naturale ha scelto una donna come compagna di vita. Lei si chiama Sanna Marin e, dallo scorso mese di dicembre, \u00e8 la premier pi\u00f9 giovane del mondo. La giovane politica finlandese, ex Ministra dei Trasporti, guider\u00e0 infatti [&hellip;]<\/p>\n","protected":false},"author":1,"featured_media":987,"comment_status":"closed","ping_status":"closed","sticky":false,"template":"","format":"standard","meta":{"footnotes":""},"categories":[5,3],"tags":[],"class_list":["post-980","post","type-post","status-publish","format-standard","has-post-thumbnail","hentry","category-dai-media","category-notizie","has-post-title","has-post-date","has-post-category","has-post-tag","has-post-comment","has-post-author",""],"_links":{"self":[{"href":"https:\/\/alternativamendrisio.ch\/index.php\/wp-json\/wp\/v2\/posts\/980","targetHints":{"allow":["GET"]}}],"collection":[{"href":"https:\/\/alternativamendrisio.ch\/index.php\/wp-json\/wp\/v2\/posts"}],"about":[{"href":"https:\/\/alternativamendrisio.ch\/index.php\/wp-json\/wp\/v2\/types\/post"}],"author":[{"embeddable":true,"href":"https:\/\/alternativamendrisio.ch\/index.php\/wp-json\/wp\/v2\/users\/1"}],"replies":[{"embeddable":true,"href":"https:\/\/alternativamendrisio.ch\/index.php\/wp-json\/wp\/v2\/comments?post=980"}],"version-history":[{"count":4,"href":"https:\/\/alternativamendrisio.ch\/index.php\/wp-json\/wp\/v2\/posts\/980\/revisions"}],"predecessor-version":[{"id":988,"href":"https:\/\/alternativamendrisio.ch\/index.php\/wp-json\/wp\/v2\/posts\/980\/revisions\/988"}],"wp:featuredmedia":[{"embeddable":true,"href":"https:\/\/alternativamendrisio.ch\/index.php\/wp-json\/wp\/v2\/media\/987"}],"wp:attachment":[{"href":"https:\/\/alternativamendrisio.ch\/index.php\/wp-json\/wp\/v2\/media?parent=980"}],"wp:term":[{"taxonomy":"category","embeddable":true,"href":"https:\/\/alternativamendrisio.ch\/index.php\/wp-json\/wp\/v2\/categories?post=980"},{"taxonomy":"post_tag","embeddable":true,"href":"https:\/\/alternativamendrisio.ch\/index.php\/wp-json\/wp\/v2\/tags?post=980"}],"curies":[{"name":"wp","href":"https:\/\/api.w.org\/{rel}","templated":true}]}}