{"id":959,"date":"2020-03-09T09:39:41","date_gmt":"2020-03-09T09:39:41","guid":{"rendered":"https:\/\/alternativamendrisio.ch\/index.php\/2020\/03\/09\/15-maggio-2020-tutti-in-piazza-per-il-clima-copy\/"},"modified":"2020-09-08T19:37:13","modified_gmt":"2020-09-08T19:37:13","slug":"bilancio-di-genere","status":"publish","type":"post","link":"https:\/\/alternativamendrisio.ch\/index.php\/2020\/03\/09\/bilancio-di-genere\/","title":{"rendered":"Bilancio di genere"},"content":{"rendered":"<!--themify_builder_content-->\n<div id=\"themify_builder_content-959\" data-postid=\"959\" class=\"themify_builder_content themify_builder_content-959 themify_builder tf_clear\">\n                    <div  data-css_id=\"pm9r567\" data-lazy=\"1\" class=\"module_row themify_builder_row fullwidth tb_pm9r567 tb_first tf_w\">\n                        <div class=\"row_inner col_align_top tb_col_count_1 tf_box tf_rel\">\n                        <div  data-lazy=\"1\" class=\"module_column tb-column col-full tb_7kp1568 first\">\n                    <!-- module text -->\n<div  class=\"module module-text tb_7j8k569   \" data-lazy=\"1\">\n        <div  class=\"tb_text_wrap\">\n        <p class=\"p1\">Il Consiglio comunale di Mendrisio ha approvato all\u2019unanimit\u00e0 l\u2019introduzione del bilancio di genere. Attualmente il Comune sta procedendo alla raccolta dei dati. Il bilancio di genere non \u00e8 un semplice strumento economico, bens\u00ec uno strumento chiave con il quale l\u2019autorit\u00e0 politica definisce il modello di sviluppo socioeconomico e i criteri di ridistribuzione all\u2019interno della societ\u00e0, decide le priorit\u00e0 d\u2019intervento rispetto alle politiche e ai bisogni dei propri cittadini tenendo in considerazione la dimensione di genere. Sostanzialmente il bilancio di genere consiste nella valutazione dell\u2019impatto delle politiche di bilancio sul genere attraverso l\u2019individuazione di aree sensibili al genere al fine di promuovere l\u2019uguaglianza di opportunit\u00e0 tra uomini e donne. Un principio iscritto nella Costituzione svizzera dal 1981. L\u2019AlternativA veglier\u00e0 affinch\u00e9 diventi presto una realt\u00e0 e si impegner\u00e0 anche favore dell\u2019introduzione del bilancio ecologico e sociale, fermo nella Commissione della Gestione.<\/p>    <\/div>\n<\/div>\n<!-- \/module text -->        <\/div>\n                        <\/div>\n        <\/div>\n        <\/div>\n<!--\/themify_builder_content-->\n","protected":false},"excerpt":{"rendered":"<p>Il Consiglio comunale di Mendrisio ha approvato all\u2019unanimit\u00e0 l\u2019introduzione del bilancio di genere. Attualmente il Comune sta procedendo alla raccolta dei dati. Il bilancio di genere non \u00e8 un semplice strumento economico, bens\u00ec uno strumento chiave con il quale l\u2019autorit\u00e0 politica definisce il modello di sviluppo socioeconomico e i criteri di ridistribuzione all\u2019interno della societ\u00e0, [&hellip;]<\/p>\n","protected":false},"author":1,"featured_media":962,"comment_status":"closed","ping_status":"closed","sticky":false,"template":"","format":"standard","meta":{"footnotes":""},"categories":[6,3],"tags":[],"class_list":["post-959","post","type-post","status-publish","format-standard","has-post-thumbnail","hentry","category-articoli","category-notizie","has-post-title","has-post-date","has-post-category","has-post-tag","has-post-comment","has-post-author",""],"_links":{"self":[{"href":"https:\/\/alternativamendrisio.ch\/index.php\/wp-json\/wp\/v2\/posts\/959","targetHints":{"allow":["GET"]}}],"collection":[{"href":"https:\/\/alternativamendrisio.ch\/index.php\/wp-json\/wp\/v2\/posts"}],"about":[{"href":"https:\/\/alternativamendrisio.ch\/index.php\/wp-json\/wp\/v2\/types\/post"}],"author":[{"embeddable":true,"href":"https:\/\/alternativamendrisio.ch\/index.php\/wp-json\/wp\/v2\/users\/1"}],"replies":[{"embeddable":true,"href":"https:\/\/alternativamendrisio.ch\/index.php\/wp-json\/wp\/v2\/comments?post=959"}],"version-history":[{"count":4,"href":"https:\/\/alternativamendrisio.ch\/index.php\/wp-json\/wp\/v2\/posts\/959\/revisions"}],"predecessor-version":[{"id":964,"href":"https:\/\/alternativamendrisio.ch\/index.php\/wp-json\/wp\/v2\/posts\/959\/revisions\/964"}],"wp:featuredmedia":[{"embeddable":true,"href":"https:\/\/alternativamendrisio.ch\/index.php\/wp-json\/wp\/v2\/media\/962"}],"wp:attachment":[{"href":"https:\/\/alternativamendrisio.ch\/index.php\/wp-json\/wp\/v2\/media?parent=959"}],"wp:term":[{"taxonomy":"category","embeddable":true,"href":"https:\/\/alternativamendrisio.ch\/index.php\/wp-json\/wp\/v2\/categories?post=959"},{"taxonomy":"post_tag","embeddable":true,"href":"https:\/\/alternativamendrisio.ch\/index.php\/wp-json\/wp\/v2\/tags?post=959"}],"curies":[{"name":"wp","href":"https:\/\/api.w.org\/{rel}","templated":true}]}}