{"id":939,"date":"2020-03-09T09:21:00","date_gmt":"2020-03-09T09:21:00","guid":{"rendered":"https:\/\/alternativamendrisio.ch\/index.php\/2020\/03\/09\/le-api-siamo-anche-noi-copy\/"},"modified":"2020-09-08T19:37:01","modified_gmt":"2020-09-08T19:37:01","slug":"laltra-meta-del-cielo-sopra-mendrisio","status":"publish","type":"post","link":"https:\/\/alternativamendrisio.ch\/index.php\/2020\/03\/09\/laltra-meta-del-cielo-sopra-mendrisio\/","title":{"rendered":"L\u2019altra met\u00e0 del cielo sopra Mendrisio"},"content":{"rendered":"<!--themify_builder_content-->\n<div id=\"themify_builder_content-939\" data-postid=\"939\" class=\"themify_builder_content themify_builder_content-939 themify_builder tf_clear\">\n                    <div  data-css_id=\"piny911\" data-lazy=\"1\" class=\"module_row themify_builder_row fullwidth tb_piny911 tb_first tf_w\">\n                        <div class=\"row_inner col_align_top tb_col_count_1 tf_box tf_rel\">\n                        <div  data-lazy=\"1\" class=\"module_column tb-column col-full tb_6o02915 first\">\n                    <!-- module text -->\n<div  class=\"module module-text tb_ycdi916   \" data-lazy=\"1\">\n        <div  class=\"tb_text_wrap\">\n        <p class=\"p1\">Presentando L\u2019AlternativA \u2013 Verdi e Sinistra insieme, per noi era chiaro che lo sciopero delle donne e lo sciopero del clima fossero due componenti essenziali di questa alleanza tra forze progressiste. Non c\u2019\u00e8 da stupirsi se l\u2019onda verde e viola convergono: molte le donne \u2013 e le giovani donne \u2013 attive a livello climatico. Nel mondo le donne sono state le maggiori protagoniste dei movimenti ecologisti a difesa dei territori e delle risorse; proprio perch\u00e9 non separano i temi ecologici da quelli della riproduzione sociale, il loro ruolo \u00e8 visibile anche nel nuovo movimento ambientale.<br \/>Mentre anche in Europa si fa largo l\u2019idea di un \u00abgreen new deal\u00bb che coniughi lotte ecologiste e lotte sociali, che presti sempre attenzione ai diritti di tutti, compresi quelli delle donne sotto attacco da parte delle forze conservatrici, a Mendrisio l\u2019AlternativA si pone come forza politica capace di integrare e di rappresentare le istanze della parit\u00e0 di genere, dei diritti sociali e della protezione dell\u2019ambiente. In questi anni, del resto, gli atti consiliari tesi a migliorare la sostenibilit\u00e0 ambientale del comune di Mendrisio, sono stati promossi spesso da consigliere comunali.<br \/>In occasione dello sciopero delle donne del 14 giugno 2019, la Piazza della Filanda a Mendrisio \u00e8 stata una delle tappe viola del Ticino, da cui \u00e8 nata una risoluzione votata da tutti e da tutte. Rivendicazioni in linea con il programma dell\u2019AlternativA. Noi crediamo nella necessit\u00e0 di promuovere un modello di vita e di relazioni diverse per tutte le persone, in una societ\u00e0 pi\u00f9 femminista e pi\u00f9 attenta all\u2019ecologia. Siamo dunque per un\u2019etica dell\u2019ambiente che privilegia la relazione tra essere umano e natura e che contrasta l\u2019esaurimento delle risorse disponibili, rinnovabili e non. Come movimento di emancipazione che aspira alla giustizia e all\u2019uguaglianza, chiediamo dunque che la dimensione di genere e la dimensione ecologista vengano integrate nelle politiche a tutti i livelli. Ci battiamo e ci batteremo sempre per il rispetto che deve essere e rimanere al centro di ogni tipo di relazione tra persone.<\/p>    <\/div>\n<\/div>\n<!-- \/module text -->        <\/div>\n                        <\/div>\n        <\/div>\n        <\/div>\n<!--\/themify_builder_content-->\n","protected":false},"excerpt":{"rendered":"<p>Presentando L\u2019AlternativA \u2013 Verdi e Sinistra insieme, per noi era chiaro che lo sciopero delle donne e lo sciopero del clima fossero due componenti essenziali di questa alleanza tra forze progressiste. Non c\u2019\u00e8 da stupirsi se l\u2019onda verde e viola convergono: molte le donne \u2013 e le giovani donne \u2013 attive a livello climatico. Nel [&hellip;]<\/p>\n","protected":false},"author":1,"featured_media":942,"comment_status":"closed","ping_status":"closed","sticky":false,"template":"","format":"standard","meta":{"footnotes":""},"categories":[6,3],"tags":[],"class_list":["post-939","post","type-post","status-publish","format-standard","has-post-thumbnail","hentry","category-articoli","category-notizie","has-post-title","has-post-date","has-post-category","has-post-tag","has-post-comment","has-post-author",""],"_links":{"self":[{"href":"https:\/\/alternativamendrisio.ch\/index.php\/wp-json\/wp\/v2\/posts\/939","targetHints":{"allow":["GET"]}}],"collection":[{"href":"https:\/\/alternativamendrisio.ch\/index.php\/wp-json\/wp\/v2\/posts"}],"about":[{"href":"https:\/\/alternativamendrisio.ch\/index.php\/wp-json\/wp\/v2\/types\/post"}],"author":[{"embeddable":true,"href":"https:\/\/alternativamendrisio.ch\/index.php\/wp-json\/wp\/v2\/users\/1"}],"replies":[{"embeddable":true,"href":"https:\/\/alternativamendrisio.ch\/index.php\/wp-json\/wp\/v2\/comments?post=939"}],"version-history":[{"count":4,"href":"https:\/\/alternativamendrisio.ch\/index.php\/wp-json\/wp\/v2\/posts\/939\/revisions"}],"predecessor-version":[{"id":944,"href":"https:\/\/alternativamendrisio.ch\/index.php\/wp-json\/wp\/v2\/posts\/939\/revisions\/944"}],"wp:featuredmedia":[{"embeddable":true,"href":"https:\/\/alternativamendrisio.ch\/index.php\/wp-json\/wp\/v2\/media\/942"}],"wp:attachment":[{"href":"https:\/\/alternativamendrisio.ch\/index.php\/wp-json\/wp\/v2\/media?parent=939"}],"wp:term":[{"taxonomy":"category","embeddable":true,"href":"https:\/\/alternativamendrisio.ch\/index.php\/wp-json\/wp\/v2\/categories?post=939"},{"taxonomy":"post_tag","embeddable":true,"href":"https:\/\/alternativamendrisio.ch\/index.php\/wp-json\/wp\/v2\/tags?post=939"}],"curies":[{"name":"wp","href":"https:\/\/api.w.org\/{rel}","templated":true}]}}