{"id":808,"date":"2020-03-09T07:21:36","date_gmt":"2020-03-09T07:21:36","guid":{"rendered":"https:\/\/alternativamendrisio.ch\/index.php\/2020\/03\/09\/grazie-a-greta-copy\/"},"modified":"2020-09-08T19:38:12","modified_gmt":"2020-09-08T19:38:12","slug":"ecco-come-i-giovani-abitano-la-filanda","status":"publish","type":"post","link":"https:\/\/alternativamendrisio.ch\/index.php\/2020\/03\/09\/ecco-come-i-giovani-abitano-la-filanda\/","title":{"rendered":"Ecco come i giovani abitano la Filanda"},"content":{"rendered":"<!--themify_builder_content-->\n<div id=\"themify_builder_content-808\" data-postid=\"808\" class=\"themify_builder_content themify_builder_content-808 themify_builder tf_clear\">\n                    <div  data-css_id=\"vqx3152\" data-lazy=\"1\" class=\"module_row themify_builder_row fullwidth tb_vqx3152 tb_first tf_w\">\n                        <div class=\"row_inner col_align_top tb_col_count_1 tf_box tf_rel\">\n                        <div  data-lazy=\"1\" class=\"module_column tb-column col-full tb_d2jp154 first\">\n                    <!-- module text -->\n<div  class=\"module module-text tb_shsk155   \" data-lazy=\"1\">\n        <div  class=\"tb_text_wrap\">\n        <p class=\"p1\">La riapertura della Filanda trasformata in centro culturale ha sicuramente rappresentato una svolta nelle abitudini di una buona parte dei giovani e degli studenti mom\u00f2. L\u2019integrazione della Biblioteca Cantonale con la vasta offerta di attivit\u00e0, un\u2019area svago e l\u2019ampiezza dello spettro di pubblico cui si rivolge, la rendono un esperimento ben riuscito che porta alla Citt\u00e0 di Mendrisio un grande valore aggiunto. Si tratta di un primo passo verso la ricostruzione di quei luoghi di associazione pubblica che stanno sparendo. Con differente intensit\u00e0, in tutte le fasce d\u2019et\u00e0 della popolazione si verifica uno spopolamento dei luoghi di aggregazione come bar e piazze. Basti pensare al Magnifico Borgo: un tempo luogo d\u2019incontro, oggi animato solo in rare occasioni. Durante la Sagra del Borgo, ad esempio, \u00e8 facile vedere le potenzialit\u00e0 che le sue vie offrono per tornare ad essere un polo della vita sociale cittadina. Agire in questo senso \u00e8 fondamentale per valorizzare maggiormente il nostro distretto.<\/p>    <\/div>\n<\/div>\n<!-- \/module text -->        <\/div>\n                        <\/div>\n        <\/div>\n        <\/div>\n<!--\/themify_builder_content-->\n","protected":false},"excerpt":{"rendered":"<p>La riapertura della Filanda trasformata in centro culturale ha sicuramente rappresentato una svolta nelle abitudini di una buona parte dei giovani e degli studenti mom\u00f2. L\u2019integrazione della Biblioteca Cantonale con la vasta offerta di attivit\u00e0, un\u2019area svago e l\u2019ampiezza dello spettro di pubblico cui si rivolge, la rendono un esperimento ben riuscito che porta alla [&hellip;]<\/p>\n","protected":false},"author":1,"featured_media":812,"comment_status":"closed","ping_status":"closed","sticky":false,"template":"","format":"standard","meta":{"footnotes":""},"categories":[5,3],"tags":[],"class_list":["post-808","post","type-post","status-publish","format-standard","has-post-thumbnail","hentry","category-dai-media","category-notizie","has-post-title","has-post-date","has-post-category","has-post-tag","has-post-comment","has-post-author",""],"_links":{"self":[{"href":"https:\/\/alternativamendrisio.ch\/index.php\/wp-json\/wp\/v2\/posts\/808","targetHints":{"allow":["GET"]}}],"collection":[{"href":"https:\/\/alternativamendrisio.ch\/index.php\/wp-json\/wp\/v2\/posts"}],"about":[{"href":"https:\/\/alternativamendrisio.ch\/index.php\/wp-json\/wp\/v2\/types\/post"}],"author":[{"embeddable":true,"href":"https:\/\/alternativamendrisio.ch\/index.php\/wp-json\/wp\/v2\/users\/1"}],"replies":[{"embeddable":true,"href":"https:\/\/alternativamendrisio.ch\/index.php\/wp-json\/wp\/v2\/comments?post=808"}],"version-history":[{"count":7,"href":"https:\/\/alternativamendrisio.ch\/index.php\/wp-json\/wp\/v2\/posts\/808\/revisions"}],"predecessor-version":[{"id":917,"href":"https:\/\/alternativamendrisio.ch\/index.php\/wp-json\/wp\/v2\/posts\/808\/revisions\/917"}],"wp:featuredmedia":[{"embeddable":true,"href":"https:\/\/alternativamendrisio.ch\/index.php\/wp-json\/wp\/v2\/media\/812"}],"wp:attachment":[{"href":"https:\/\/alternativamendrisio.ch\/index.php\/wp-json\/wp\/v2\/media?parent=808"}],"wp:term":[{"taxonomy":"category","embeddable":true,"href":"https:\/\/alternativamendrisio.ch\/index.php\/wp-json\/wp\/v2\/categories?post=808"},{"taxonomy":"post_tag","embeddable":true,"href":"https:\/\/alternativamendrisio.ch\/index.php\/wp-json\/wp\/v2\/tags?post=808"}],"curies":[{"name":"wp","href":"https:\/\/api.w.org\/{rel}","templated":true}]}}