{"id":2330,"date":"2025-06-19T12:45:13","date_gmt":"2025-06-19T12:45:13","guid":{"rendered":"https:\/\/alternativamendrisio.ch\/index.php\/2025\/06\/19\/traffico-combinato-si-alzi-unita-la-voce-del-mendrisiotto-copy\/"},"modified":"2025-06-19T13:20:08","modified_gmt":"2025-06-19T13:20:08","slug":"intervento-per-lalternativa-sostegno-al-mm-n-30-2025","status":"publish","type":"post","link":"https:\/\/alternativamendrisio.ch\/index.php\/2025\/06\/19\/intervento-per-lalternativa-sostegno-al-mm-n-30-2025\/","title":{"rendered":"Intervento per l\u2019Alternativa \u2013 Sostegno al MM n. 30\/2025"},"content":{"rendered":"<!--themify_builder_content-->\n<div id=\"themify_builder_content-2330\" data-postid=\"2330\" class=\"themify_builder_content themify_builder_content-2330 themify_builder tf_clear\">\n                    <div  data-css_id=\"ydxk745\" data-lazy=\"1\" class=\"module_row themify_builder_row fullwidth tb_ydxk745 tb_first tf_w\">\n                        <div class=\"row_inner col_align_top tb_col_count_1 tf_box tf_rel\">\n                        <div  data-lazy=\"1\" class=\"module_column tb-column col-full tb_jg6m746 first\">\n                    <!-- module text -->\n<div  class=\"module module-text tb_dmlv746   \" data-lazy=\"1\">\n        <div  class=\"tb_text_wrap\">\n        <p>Signor Presidente,<br \/>Signore e Signori Consiglieri comunali,<br \/>a nome del gruppo l\u2019Alternativa, esprimo pieno sostegno all\u2019approvazione del Messaggio Municipale n. 30\/2025, che propone l\u2019entrata della Citt\u00e0 di Mendrisio quale socio fondatore nell\u2019Associazione Parco del Laveggio.<br \/>Questo passo ci sembra fondamentale per diversi motivi, coerenti con i valori e le priorit\u00e0 del nostro gruppo, che unisce sensibilit\u00e0 ecologiche e sociali.<\/p><p><strong>1. Una governance condivisa per un bene comune<\/strong><br \/>Il Parco del Laveggio \u00e8 un\u2019infrastruttura verde di valore paesaggistico, ecologico e sociale, frutto di un lavoro dal basso promosso con visione e coerenza dall\u2019Associazione Cittadini per il territorio. Costituire un\u2019Associazione formalizzata significa riconoscere che la cura del territorio non pu\u00f2 dipendere solo dalla buona volont\u00e0, ma deve poggiare su strumenti giuridici e istituzionali capaci di garantire nel tempo partecipazione, continuit\u00e0 e trasparenza nella gestione.<\/p><p><strong>2. Un investimento per la salute, il benessere e la coesione sociale<\/strong><br \/>Il Parco offre spazi accessibili per il movimento quotidiano, il gioco, l\u2019incontro e la contemplazione: dimensioni che oggi, pi\u00f9 che mai, hanno un ruolo chiave nella salute pubblica e nella qualit\u00e0 della vita. \u00c8 un luogo frequentato da persone di ogni et\u00e0, condizione ed estrazione: \u00e8 quindi anche un presidio sociale e uno strumento di equit\u00e0 territoriale.<\/p><p><strong>3. Un esempio concreto di ecologia integrata<\/strong><br \/>Il Laveggio testimonia che \u00e8 possibile coniugare interventi ambientali e fruizione pubblica,<br \/>rigenerando ecosistemi fragili e promuovendo forme di mobilit\u00e0 dolce. Il Parco del Laveggio<br \/>rappresenta un modello di territorio in transizione verso un futuro pi\u00f9 sostenibile.<\/p><p><strong>4. Un progetto che merita continuit\u00e0 e sostegno istituzionale<\/strong><br \/>L\u2019adesione della Citt\u00e0 di Mendrisio come socio fondatore, con una partecipazione finanziaria proporzionata e giustificata, rappresenta un atto di responsabilit\u00e0 e di coerenza con gli impegni presi sul piano della strategia climatica e della tutela della biodiversit\u00e0. L\u2019affidamento del ruolo di rappresentante cittadino al Signor Gabriele Martinenghi appare inoltre adeguato, vista la sua competenza tecnica e visione in materia ambientale.<\/p><p><strong>5. Un\u2019opportunit\u00e0 di cittadinanza attiva e progettualit\u00e0 dal basso<\/strong><br \/>Accogliamo con favore anche la proposta di mantenere un legame tra il futuro Consiglio direttivo e l\u2019attuale Comitato guida, a garanzia di una transizione rispettosa delle energie civiche che hanno animato sin dall\u2019inizio questo progetto. Crediamo che ogni politica ambientale debba basarsi sul coinvolgimento attivo della popolazione.<br \/>Per tutte queste ragioni, l\u2019Alternativa sostiene con convinzione il Messaggio Municipale in oggetto e invita il Consiglio comunale ad approvarlo.<\/p><p>Grazie.<br \/>Sara Haeuptli Nguyen Trinh<\/p>    <\/div>\n<\/div>\n<!-- \/module text -->        <\/div>\n                        <\/div>\n        <\/div>\n        <\/div>\n<!--\/themify_builder_content-->\n","protected":false},"excerpt":{"rendered":"<p>Signor Presidente,Signore e Signori Consiglieri comunali,a nome del gruppo l\u2019Alternativa, esprimo pieno sostegno all\u2019approvazione del Messaggio Municipale n. 30\/2025, che propone l\u2019entrata della Citt\u00e0 di Mendrisio quale socio fondatore nell\u2019Associazione Parco del Laveggio.Questo passo ci sembra fondamentale per diversi motivi, coerenti con i valori e le priorit\u00e0 del nostro gruppo, che unisce sensibilit\u00e0 ecologiche e [&hellip;]<\/p>\n","protected":false},"author":1,"featured_media":2334,"comment_status":"closed","ping_status":"closed","sticky":false,"template":"","format":"standard","meta":{"footnotes":""},"categories":[9],"tags":[],"class_list":["post-2330","post","type-post","status-publish","format-standard","has-post-thumbnail","hentry","category-interventi","has-post-title","has-post-date","has-post-category","has-post-tag","has-post-comment","has-post-author",""],"_links":{"self":[{"href":"https:\/\/alternativamendrisio.ch\/index.php\/wp-json\/wp\/v2\/posts\/2330","targetHints":{"allow":["GET"]}}],"collection":[{"href":"https:\/\/alternativamendrisio.ch\/index.php\/wp-json\/wp\/v2\/posts"}],"about":[{"href":"https:\/\/alternativamendrisio.ch\/index.php\/wp-json\/wp\/v2\/types\/post"}],"author":[{"embeddable":true,"href":"https:\/\/alternativamendrisio.ch\/index.php\/wp-json\/wp\/v2\/users\/1"}],"replies":[{"embeddable":true,"href":"https:\/\/alternativamendrisio.ch\/index.php\/wp-json\/wp\/v2\/comments?post=2330"}],"version-history":[{"count":5,"href":"https:\/\/alternativamendrisio.ch\/index.php\/wp-json\/wp\/v2\/posts\/2330\/revisions"}],"predecessor-version":[{"id":2338,"href":"https:\/\/alternativamendrisio.ch\/index.php\/wp-json\/wp\/v2\/posts\/2330\/revisions\/2338"}],"wp:featuredmedia":[{"embeddable":true,"href":"https:\/\/alternativamendrisio.ch\/index.php\/wp-json\/wp\/v2\/media\/2334"}],"wp:attachment":[{"href":"https:\/\/alternativamendrisio.ch\/index.php\/wp-json\/wp\/v2\/media?parent=2330"}],"wp:term":[{"taxonomy":"category","embeddable":true,"href":"https:\/\/alternativamendrisio.ch\/index.php\/wp-json\/wp\/v2\/categories?post=2330"},{"taxonomy":"post_tag","embeddable":true,"href":"https:\/\/alternativamendrisio.ch\/index.php\/wp-json\/wp\/v2\/tags?post=2330"}],"curies":[{"name":"wp","href":"https:\/\/api.w.org\/{rel}","templated":true}]}}