{"id":2312,"date":"2025-06-19T12:01:52","date_gmt":"2025-06-19T12:01:52","guid":{"rendered":"https:\/\/alternativamendrisio.ch\/index.php\/2025\/06\/19\/traffico-e-strade-giu-la-maschera-copy\/"},"modified":"2025-06-19T12:32:10","modified_gmt":"2025-06-19T12:32:10","slug":"traffico-combinato-si-alzi-unita-la-voce-del-mendrisiotto","status":"publish","type":"post","link":"https:\/\/alternativamendrisio.ch\/index.php\/2025\/06\/19\/traffico-combinato-si-alzi-unita-la-voce-del-mendrisiotto\/","title":{"rendered":"Traffico combinato &#8211; si alzi unita la voce del Mendrisiotto"},"content":{"rendered":"<!--themify_builder_content-->\n<div id=\"themify_builder_content-2312\" data-postid=\"2312\" class=\"themify_builder_content themify_builder_content-2312 themify_builder tf_clear\">\n                    <div  data-css_id=\"uwe1008\" data-lazy=\"1\" class=\"module_row themify_builder_row fullwidth tb_uwe1008 tb_first tf_w\">\n                        <div class=\"row_inner col_align_top tb_col_count_1 tf_box tf_rel\">\n                        <div  data-lazy=\"1\" class=\"module_column tb-column col-full tb_y5dl820 first\">\n                    <!-- module text -->\n<div  class=\"module module-text tb_90c7388   \" data-lazy=\"1\">\n        <div  class=\"tb_text_wrap\">\n        <p><strong>Comunicato stampa<\/strong><\/p>\n<p>FFS Cargo ha deciso di smantellare la rete del traffico combinato. Una decisone con pesanti conseguenze.<br \/>La prima \u00e8 la soppressione di quaranta posti di lavoro qualificati in Ticino, infliggendo cos\u00ec un duro colpo all\u2019occupazione del nostro Cantone. La seconda \u00e8 un impatto oltremodo negativo sul traffico che gi\u00e0 attanaglia il Ticino e in particolare il Mendrisiotto. E il terzo \u00e8 un netto attacco al servizio pubblico, che FFS Cargo dovrebbe tutelare invece di indebolirlo adottando strategie visibilmente liberiste.<br \/>In un comunicato, il Sindacato del personale dei trasporti SEV non solo denuncia i tagli a livello occupazionale, ma rende attento sulle ripercussioni sulla rete viaria. Gli attori commerciali invece di privilegiare il trasporto su rotaia, sceglieranno infatti il trasporto su gomma, con un inevitabile impatto negativo sulla gi\u00e0 attuale caotica situazione viaria e sull\u2019ambiente sull\u2019asse del San Gottardo. La soppressione dell\u2019autostrada viaggiante (Rola) tra Novara e Friburgo in Brisgovia costituisce inoltre un altro fatto di evidente criticit\u00e0. Inutile ricordare che pi\u00f9 traffico significa peggiore qualit\u00e0 della vita.<br \/>Ricordiamo che l\u2019autostrada viaggiante (Rola) \u00e8 un pilastro fondamentale della politica di trasferimento del traffico merci attraverso le Alpi, trasportando su ferrovia circa 80\u2019000 camion all\u2019anno. Del resto sul mantenimento della Rola anche Pro Alps si \u00e8 espressa chiaramente. In mancanza di simili misure, il numero di camion in transito attraverso le Alpi sulle nostre strade potrebbe superare il milione gi\u00e0 dal 2026.<br \/>Nel corso della recente assemblea di Pro Alps a Mendrisio, l\u2019Associazione ha lanciato una petizione che esige dal Consiglio federale di attenersi finalmente all\u2019incarico affidatogli dalla Costituzione e di proteggere efficacemente le Alpi dalle conseguenze negative del traffico.<br \/>La gestione del traffico merci \u00e8 molto pi\u00f9 vicina al Mendrisiotto di quanto si pensi. \u00c8 nell\u2019interesse dell\u2019intera regione fare sentire la propria voce e comunicare a FFS Cargo la propria contrariet\u00e0 alle politiche di smantellamento. Il trasferimento del trasporto merci dalla strada alla ferrovia \u00e8 anche fondamentale come risposta alla crisi climatica.<br \/>L\u2019AlternativA si augura che i Comuni del Mendrisiotto facciano fronte comune, come nel caso della corsia dei TIR tra Coldrerio e Balerna imposta in modo sciagurato dalla Confederazione. La qualit\u00e0 della vita degli abitanti del Mendrisiotto \u00e8 gi\u00e0 confrontata con seri problemi di qualit\u00e0 dell\u2019aria. Non aggiungiamo altri pesi a una situazione gi\u00e0 fragile.<\/p>\n<p>Mendrisio, 09.06.2025<\/p>\n<p><a href=\"https:\/\/alternativamendrisio.ch\/wp-content\/uploads\/2025\/06\/20250609_Traffico-combinato_comunicato-stampa.pdf\" target=\"_blank\" rel=\"noopener\">Scarica il comunicato stampa<\/a><\/p>    <\/div>\n<\/div>\n<!-- \/module text -->        <\/div>\n                        <\/div>\n        <\/div>\n        <\/div>\n<!--\/themify_builder_content-->\n","protected":false},"excerpt":{"rendered":"<p>Comunicato stampa FFS Cargo ha deciso di smantellare la rete del traffico combinato. Una decisone con pesanti conseguenze.La prima \u00e8 la soppressione di quaranta posti di lavoro qualificati in Ticino, infliggendo cos\u00ec un duro colpo all\u2019occupazione del nostro Cantone. La seconda \u00e8 un impatto oltremodo negativo sul traffico che gi\u00e0 attanaglia il Ticino e in [&hellip;]<\/p>\n","protected":false},"author":1,"featured_media":2323,"comment_status":"closed","ping_status":"closed","sticky":false,"template":"","format":"standard","meta":{"footnotes":""},"categories":[7,4],"tags":[],"class_list":["post-2312","post","type-post","status-publish","format-standard","has-post-thumbnail","hentry","category-comunicati-stampa","category-in-evidenza","has-post-title","has-post-date","has-post-category","has-post-tag","has-post-comment","has-post-author",""],"_links":{"self":[{"href":"https:\/\/alternativamendrisio.ch\/index.php\/wp-json\/wp\/v2\/posts\/2312","targetHints":{"allow":["GET"]}}],"collection":[{"href":"https:\/\/alternativamendrisio.ch\/index.php\/wp-json\/wp\/v2\/posts"}],"about":[{"href":"https:\/\/alternativamendrisio.ch\/index.php\/wp-json\/wp\/v2\/types\/post"}],"author":[{"embeddable":true,"href":"https:\/\/alternativamendrisio.ch\/index.php\/wp-json\/wp\/v2\/users\/1"}],"replies":[{"embeddable":true,"href":"https:\/\/alternativamendrisio.ch\/index.php\/wp-json\/wp\/v2\/comments?post=2312"}],"version-history":[{"count":8,"href":"https:\/\/alternativamendrisio.ch\/index.php\/wp-json\/wp\/v2\/posts\/2312\/revisions"}],"predecessor-version":[{"id":2322,"href":"https:\/\/alternativamendrisio.ch\/index.php\/wp-json\/wp\/v2\/posts\/2312\/revisions\/2322"}],"wp:featuredmedia":[{"embeddable":true,"href":"https:\/\/alternativamendrisio.ch\/index.php\/wp-json\/wp\/v2\/media\/2323"}],"wp:attachment":[{"href":"https:\/\/alternativamendrisio.ch\/index.php\/wp-json\/wp\/v2\/media?parent=2312"}],"wp:term":[{"taxonomy":"category","embeddable":true,"href":"https:\/\/alternativamendrisio.ch\/index.php\/wp-json\/wp\/v2\/categories?post=2312"},{"taxonomy":"post_tag","embeddable":true,"href":"https:\/\/alternativamendrisio.ch\/index.php\/wp-json\/wp\/v2\/tags?post=2312"}],"curies":[{"name":"wp","href":"https:\/\/api.w.org\/{rel}","templated":true}]}}