{"id":2136,"date":"2025-01-27T17:00:00","date_gmt":"2025-01-27T17:00:00","guid":{"rendered":"https:\/\/alternativamendrisio.ch\/index.php\/2025\/01\/25\/nuovo-liceo-di-mendrisio-un-traguardo-ricco-di-significati-copy\/"},"modified":"2025-03-11T14:40:58","modified_gmt":"2025-03-11T14:40:58","slug":"responsabilita-ambientale-aprire-gli-occhi","status":"publish","type":"post","link":"https:\/\/alternativamendrisio.ch\/index.php\/2025\/01\/27\/responsabilita-ambientale-aprire-gli-occhi\/","title":{"rendered":"Responsabilit\u00e0 ambientale: aprire gli occhi"},"content":{"rendered":"<p><\/p><!--themify_builder_content-->\n<div id=\"themify_builder_content-2136\" data-postid=\"2136\" class=\"themify_builder_content themify_builder_content-2136 themify_builder tf_clear\">\n                    <div  data-css_id=\"49dr373\" data-lazy=\"1\" class=\"module_row themify_builder_row fullwidth tb_49dr373 tb_first tf_w\">\n                        <div class=\"row_inner col_align_top tb_col_count_1 tf_box tf_rel\">\n                        <div  data-lazy=\"1\" class=\"module_column tb-column col-full tb_cdia001 first\">\n                    <!-- module text -->\n<div  class=\"module module-text tb_525j983   \" data-lazy=\"1\">\n        <div  class=\"tb_text_wrap\">\n        <p><strong>Comunicato stampa<\/strong><\/p>\n<p>\u00ab<em>Vuoi che ti dica cosa penso, Parla, Secondo me non siamo diventati ciechi, secondo me lo siamo, Ciechi che vedono, Ciechi che, pur vedendo, non vedono<\/em>\u00bb. Questo \u00e8 uno dei passaggi pi\u00f9 noti del celebre romanzo di Jos\u00e9 Saramago \u00abCecit\u00e0\u00bb. Un romanzo potente che, tra le altre cose, denuncia l\u2019indifferenza della societ\u00e0. L\u2019opera, che ancora oggi conserva tutta la sua forza, tocca temi universali come la responsabilit\u00e0 individuale e collettiva, la paura e la speranza.<\/p>\n<p>Sulle emergenze ambientali, che sono sotto gli occhi di tutti, c\u2019\u00e8 chi preferisce fare lo struzzo. Meglio non vedere, meglio non guardare una realt\u00e0 che pure \u00e8 ben visibile e tangibile. L\u2019iniziativa sulla \u00abResponsabilit\u00e0 ambientale\u00bb, lanciata dai Giovani Verdi e sostenuta da tutto l\u2019arco progressista, pone al centro dell\u2019agenda politica la necessit\u00e0 di adottare scelte che considerano il loro impatto sulla tutela dell\u2019ambiente. E non c\u2019\u00e8 pi\u00f9 tempo da perdere.<\/p>\n<p>Il surriscaldamento climatico, l\u2019estinzione di massa delle specie, la deforestazione, l\u2019inquinamento dell\u2019aria, dell\u2019acqua e del suolo, hanno un enorme impatto sulle nostre vite. Eppure, si continua ad andare avanti come se nulla fosse! Negli ultimi decenni l\u2019economia e il profitto sono stati la priorit\u00e0 mentre l\u2019ambiente e la sostenibilit\u00e0 sono rimaste sostanzialmente ai margini, anzi vengono pericolosamente relegati in secondo piano attraverso un insidioso atteggiamento negazionista.<br \/>L\u2019impegno per la tutela dell\u2019ambiente, del paesaggio e delle risorse naturali, deve diventare una priorit\u00e0 e non venire derubricato dall\u2019agenda politica.<\/p>\n<p>Occorre tenere presente che diritti sociali e diritti ambientali vanno di pari passo. Facciamo un semplice esempio: il caldo estremo, diretta conseguenza della crisi climatica, non solo causa vittime e danni alla salute, ma peggiora anche le condizioni di povert\u00e0 delle persone pi\u00f9 vulnerabili e ne crea di nuove.<br \/>Perch\u00e9 c\u2019\u00e8 chi potr\u00e0 permettersi misure per non avvertire il caldo e chi invece dovr\u00e0 subirlo (eloquente lo studio \u00abCooling poverty\u00bb di Antonella Mazzone).<\/p>\n<p>La crisi climatica, insomma, si sta manifestando in svariate modalit\u00e0 e tocca moltissimi aspetti della condizione umana e del vivere comune.<\/p>\n<p>L\u2019AlternativA sostiene evidentemente l\u2019iniziativa in votazione il 9 febbraio e invita a votare s\u00ec. Il nostro pianeta sta affrontando sfide senza precedenti in termini di clima e ambiente che, nel loro insieme, costituiscono una minaccia per il nostro benessere.<\/p>\n<p>Tuttavia, siamo ancora in tempo per adottare misure decisive. Per conseguire la sostenibilit\u00e0 a lungo termine occorre infatti considerare l\u2019ambiente, il clima, l\u2019economia e la societ\u00e0 come parti inscindibili della stessa entit\u00e0.<\/p>\n<p>L\u2019AlternativA sostiene la necessit\u00e0 di garantire un ambiente sano per un\u2019economia sostenibile e una societ\u00e0 equa. E invita ad uscire dalla cecit\u00e0 di chi non vuole vedere il problema. O di chi, vedendolo, preferisce girare la testa dall\u2019altra parte o mettere la testa sotto la sabbia.<\/p>\n<p>Mendrisio, 27.01.2025<\/p>\n<p><a href=\"https:\/\/alternativamendrisio.ch\/wp-content\/uploads\/2025\/01\/Alternativa_CS-responsabilita-ambientale.pdf\" target=\"_blank\" rel=\"noopener\">Scarica il comunicato stampa<\/a><\/p>    <\/div>\n<\/div>\n<!-- \/module text -->        <\/div>\n                        <\/div>\n        <\/div>\n        <\/div>\n<!--\/themify_builder_content-->","protected":false},"excerpt":{"rendered":"<p>Comunicato stampa \u00abVuoi che ti dica cosa penso, Parla, Secondo me non siamo diventati ciechi, secondo me lo siamo, Ciechi che vedono, Ciechi che, pur vedendo, non vedono\u00bb. Questo \u00e8 uno dei passaggi pi\u00f9 noti del celebre romanzo di Jos\u00e9 Saramago \u00abCecit\u00e0\u00bb. Un romanzo potente che, tra le altre cose, denuncia l\u2019indifferenza della societ\u00e0. L\u2019opera, [&hellip;]<\/p>\n","protected":false},"author":1,"featured_media":2142,"comment_status":"closed","ping_status":"closed","sticky":false,"template":"","format":"standard","meta":{"footnotes":""},"categories":[7,4],"tags":[],"class_list":["post-2136","post","type-post","status-publish","format-standard","has-post-thumbnail","hentry","category-comunicati-stampa","category-in-evidenza","has-post-title","has-post-date","has-post-category","has-post-tag","has-post-comment","has-post-author",""],"_links":{"self":[{"href":"https:\/\/alternativamendrisio.ch\/index.php\/wp-json\/wp\/v2\/posts\/2136","targetHints":{"allow":["GET"]}}],"collection":[{"href":"https:\/\/alternativamendrisio.ch\/index.php\/wp-json\/wp\/v2\/posts"}],"about":[{"href":"https:\/\/alternativamendrisio.ch\/index.php\/wp-json\/wp\/v2\/types\/post"}],"author":[{"embeddable":true,"href":"https:\/\/alternativamendrisio.ch\/index.php\/wp-json\/wp\/v2\/users\/1"}],"replies":[{"embeddable":true,"href":"https:\/\/alternativamendrisio.ch\/index.php\/wp-json\/wp\/v2\/comments?post=2136"}],"version-history":[{"count":7,"href":"https:\/\/alternativamendrisio.ch\/index.php\/wp-json\/wp\/v2\/posts\/2136\/revisions"}],"predecessor-version":[{"id":2147,"href":"https:\/\/alternativamendrisio.ch\/index.php\/wp-json\/wp\/v2\/posts\/2136\/revisions\/2147"}],"wp:featuredmedia":[{"embeddable":true,"href":"https:\/\/alternativamendrisio.ch\/index.php\/wp-json\/wp\/v2\/media\/2142"}],"wp:attachment":[{"href":"https:\/\/alternativamendrisio.ch\/index.php\/wp-json\/wp\/v2\/media?parent=2136"}],"wp:term":[{"taxonomy":"category","embeddable":true,"href":"https:\/\/alternativamendrisio.ch\/index.php\/wp-json\/wp\/v2\/categories?post=2136"},{"taxonomy":"post_tag","embeddable":true,"href":"https:\/\/alternativamendrisio.ch\/index.php\/wp-json\/wp\/v2\/tags?post=2136"}],"curies":[{"name":"wp","href":"https:\/\/api.w.org\/{rel}","templated":true}]}}