{"id":2128,"date":"2025-01-24T16:04:42","date_gmt":"2025-01-24T16:04:42","guid":{"rendered":"https:\/\/alternativamendrisio.ch\/index.php\/2025\/01\/24\/sintetica-licenziamenti-che-preoccupano-copy\/"},"modified":"2025-03-11T14:41:05","modified_gmt":"2025-03-11T14:41:05","slug":"nuovo-liceo-di-mendrisio-un-traguardo-ricco-di-significati","status":"publish","type":"post","link":"https:\/\/alternativamendrisio.ch\/index.php\/2025\/01\/24\/nuovo-liceo-di-mendrisio-un-traguardo-ricco-di-significati\/","title":{"rendered":"Nuovo liceo di Mendrisio: un traguardo ricco di significati"},"content":{"rendered":"<!--themify_builder_content-->\n<div id=\"themify_builder_content-2128\" data-postid=\"2128\" class=\"themify_builder_content themify_builder_content-2128 themify_builder tf_clear\">\n                    <div  data-css_id=\"nxu5062\" data-lazy=\"1\" class=\"module_row themify_builder_row fullwidth tb_nxu5062 tb_first tf_w\">\n                        <div class=\"row_inner col_align_top tb_col_count_1 tf_box tf_rel\">\n                        <div  data-lazy=\"1\" class=\"module_column tb-column col-full tb_gw5m305 first\">\n                    <!-- module text -->\n<div  class=\"module module-text tb_s2ri300   \" data-lazy=\"1\">\n        <div  class=\"tb_text_wrap\">\n        <p><strong>Comunicato stampa<\/strong><\/p>\n<p>Era atteso da tempo e ora finalmente il Gran Consiglio ticinese ha approvato lo stanziamento di oltre 44 milioni di franchi per realizzare il futuro edificio scolastico cantonale. Questo importante investimento finanziario rappresenta anche il primo tassello per la riorganizzazione del comparto. Non solo atteso, ma necessario per dare al Mendrisiotto una sede nuova e maggiormente confacente ai bisogni attuali.<br \/>Spiccano i voti contrari dell\u2019UDC. E di fronte ad un investimento per cui il Municipio di Mendrisio (perlomeno i sei settimi) si \u00e8 sempre speso in prima linea negli ultimi anni, \u00e8 lecito chiedersi se il Municipale responsabile della formazione si sia adoperato per chiedere ai colleghi di partito un sostegno tangibile.<\/p>\n<p>In un\u2019epoca caratterizzata da profondi cambiamenti sociali, culturali e ambientali la conoscenza rappresenta una delle risorse fondamentali su cui puntare. Proprio per garantire un futuro alle giovani generazioni \u00e8 fondamentale quindi che l\u2019ente pubblico investa una parte significativa delle risorse nel sistema scolastico nel suo complesso. Non solo per garantire a tutti e a tutte (a prescindere dalla condizione socioeconomica di origine) l\u2019accesso a un percorso educativo di qualit\u00e0 e la possibilit\u00e0 di crescere con solide competenze e conoscenze. Ma anche per fornire a chi studia gli strumenti per formarsi uno spirito critico in un mondo sempre pi\u00f9 complesso da decifrare.<\/p>\n<p>Offrire dunque una nuova casa &#8211; moderna, funzionale &#8211; alla conoscenza e al sapere di chi frequenta le scuole superiori rappresenta per la Citt\u00e0 di Mendrisio e per tutto il Mendrisiotto una tappa fondamentale nel rafforzamento dell\u2019istruzione. La condizione del patrimonio edilizio scolastico \u00e8 per molti versi la cartina al tornasole di un sistema educativo, della sua capacit\u00e0 di innovazione e della priorit\u00e0 che la societ\u00e0 dedica all\u2019istruzione. Un plauso al Gran Consiglio per avere creduto nella bont\u00e0 del progetto.<\/p>\n<p>L\u2019AlternativA crede nella scuola pubblica a tutti i livelli; vigiler\u00e0 pertanto affinch\u00e9 la Citt\u00e0 di Mendrisio presti la dovuta attenzione all\u2019istruzione e alla formazione. La scuola sviluppa il senso di responsabilit\u00e0, educa alla cittadinanza, all\u2019apertura, alla pace e al dialogo. \u00abOve non v&#8217;\u00e8 istruzione, non v&#8217;\u00e8 vera libert\u00e0\u00bb. <br \/>Parole sempre attuali, quelle di Stefano Franscini, considerato il padre dell&#8217;educazione ticinese.<\/p>\n<p>Mendrisio, 21.01.2025<\/p>\n<p><a href=\"https:\/\/alternativamendrisio.ch\/wp-content\/uploads\/2025\/01\/Alternativa_CS-credito-liceo-di-Mendrisio.pdf\" target=\"_blank\" rel=\"noopener\">Scarica il comunicato stampa<\/a><\/p>    <\/div>\n<\/div>\n<!-- \/module text -->        <\/div>\n                        <\/div>\n        <\/div>\n        <\/div>\n<!--\/themify_builder_content-->","protected":false},"excerpt":{"rendered":"<p>Comunicato stampa Era atteso da tempo e ora finalmente il Gran Consiglio ticinese ha approvato lo stanziamento di oltre 44 milioni di franchi per realizzare il futuro edificio scolastico cantonale. Questo importante investimento finanziario rappresenta anche il primo tassello per la riorganizzazione del comparto. Non solo atteso, ma necessario per dare al Mendrisiotto una sede [&hellip;]<\/p>\n","protected":false},"author":1,"featured_media":2130,"comment_status":"closed","ping_status":"closed","sticky":false,"template":"","format":"standard","meta":{"footnotes":""},"categories":[7,4],"tags":[],"class_list":["post-2128","post","type-post","status-publish","format-standard","has-post-thumbnail","hentry","category-comunicati-stampa","category-in-evidenza","has-post-title","has-post-date","has-post-category","has-post-tag","has-post-comment","has-post-author",""],"_links":{"self":[{"href":"https:\/\/alternativamendrisio.ch\/index.php\/wp-json\/wp\/v2\/posts\/2128","targetHints":{"allow":["GET"]}}],"collection":[{"href":"https:\/\/alternativamendrisio.ch\/index.php\/wp-json\/wp\/v2\/posts"}],"about":[{"href":"https:\/\/alternativamendrisio.ch\/index.php\/wp-json\/wp\/v2\/types\/post"}],"author":[{"embeddable":true,"href":"https:\/\/alternativamendrisio.ch\/index.php\/wp-json\/wp\/v2\/users\/1"}],"replies":[{"embeddable":true,"href":"https:\/\/alternativamendrisio.ch\/index.php\/wp-json\/wp\/v2\/comments?post=2128"}],"version-history":[{"count":5,"href":"https:\/\/alternativamendrisio.ch\/index.php\/wp-json\/wp\/v2\/posts\/2128\/revisions"}],"predecessor-version":[{"id":2238,"href":"https:\/\/alternativamendrisio.ch\/index.php\/wp-json\/wp\/v2\/posts\/2128\/revisions\/2238"}],"wp:featuredmedia":[{"embeddable":true,"href":"https:\/\/alternativamendrisio.ch\/index.php\/wp-json\/wp\/v2\/media\/2130"}],"wp:attachment":[{"href":"https:\/\/alternativamendrisio.ch\/index.php\/wp-json\/wp\/v2\/media?parent=2128"}],"wp:term":[{"taxonomy":"category","embeddable":true,"href":"https:\/\/alternativamendrisio.ch\/index.php\/wp-json\/wp\/v2\/categories?post=2128"},{"taxonomy":"post_tag","embeddable":true,"href":"https:\/\/alternativamendrisio.ch\/index.php\/wp-json\/wp\/v2\/tags?post=2128"}],"curies":[{"name":"wp","href":"https:\/\/api.w.org\/{rel}","templated":true}]}}