{"id":1755,"date":"2021-05-20T11:59:18","date_gmt":"2021-05-20T11:59:18","guid":{"rendered":"https:\/\/alternativamendrisio.ch\/index.php\/2021\/05\/20\/si-nascere-a-mendrisio-ancora-copy\/"},"modified":"2025-03-11T14:41:46","modified_gmt":"2025-03-11T14:41:46","slug":"discorso-di-insediamento-daniela-carrara","status":"publish","type":"post","link":"https:\/\/alternativamendrisio.ch\/index.php\/2021\/05\/20\/discorso-di-insediamento-daniela-carrara\/","title":{"rendered":"Discorso di insediamento Daniela Carrara"},"content":{"rendered":"<!--themify_builder_content-->\n<div id=\"themify_builder_content-1755\" data-postid=\"1755\" class=\"themify_builder_content themify_builder_content-1755 themify_builder tf_clear\">\n                    <div  data-css_id=\"7tc1221\" data-lazy=\"1\" class=\"module_row themify_builder_row fullwidth tb_7tc1221 tb_first tf_w\">\n                        <div class=\"row_inner col_align_top tb_col_count_1 tf_box tf_rel\">\n                        <div  data-lazy=\"1\" class=\"module_column tb-column col-full tb_rtqn222 first\">\n                    <!-- module text -->\n<div  class=\"module module-text tb_4l7x222   \" data-lazy=\"1\">\n        <div  class=\"tb_text_wrap\">\n        <p>\u00a0<\/p>\n<p>Onorevoli Sindaco e Municipali,<\/p>\n<p>care colleghe e cari colleghi di Consiglio comunale,<\/p>\n<p>\u00e8 con molta gioia ed emozione che mi appresto ad assumere l\u2019 incarico di presidentessa del Consiglio comunale, un compito importante che non avrei mai pensato di ricoprire e per il quale vi ringrazio della fiducia che mia avete accordato questa sera. In questo anno cercher\u00f2 di svolgere questo ruolo con saggezza e imparzialit\u00e0.<\/p>\n<p>Oggi diamo inizio ad una nuova legislatura, con volti conosciuti e altri nuovi a cui d\u00f2 il benvenuto. Nello scorso quinquennio il Municipio e il Consiglio comunale hanno affrontato temi importanti per la comunit\u00e0. Le Commissioni hanno svolto un importante lavoro di analisi e di approfondimento di Messaggi Municipali e Mozioni; un complesso lavoro che non va dimenticato, anche durante il periodo critico della pandemia. Una dimostrazione di quanto tutti noi abbiamo a cuore il nostro paese e ci sentiamo responsabili verso di esso e verso la sua popolazione. Una consapevolezza all\u2019insegna di una continuit\u00e0 volta a garantire un buon funzionamento di tutti i servizi sul territorio. Un processo possibile se tutti i tasselli si incastrano tra loro: in primis il dialogo tra Municipio e Consiglio comunale.<\/p>\n<p>Insomma, bisogna passare dalle parole ai fatti. Prendere decisioni ed agire, in un periodo come quello che stiamo attraversando, non \u00e8 facile. La pandemia \u00e8 ancora in corso e ci destabilizza, ci mette inquietudine e mina le nostre certezze per il futuro, come mai prima d\u2019ora. Ognuno di noi nello scorso anno ha vissuto sulla propria pelle una forte tensione emotiva: la chiusura delle frontiere, il lockdown, poi le riaperture, le cifre delle persone contagiate dal virus, i morti. Impossibile rimane impassibili di fronte ad un avvenimento tale gravit\u00e0. Attimi di tristezza e frustrazione, talvolta di dolore o paura, lutto, emozioni e sentimenti intensi. Un condizionamento quotidiano per ciascuno di noi.<\/p>\n<p>La consapevolezza della nostra fragilit\u00e0 dovrebbe portarci a solidarizzare, a capire l\u2019uguaglianza fondamentale tra gli esseri umani e tra popoli, che provano gli stessi sentimenti e le stesse emozioni. L\u2019unica diversit\u00e0 sta nel modo in cui si risponde alle avversit\u00e0. Talvolta alla paura e alla frustrazione, si risponde d\u2019istinto con individualismo ed egocentrismo, senza riflettere alle conseguenze sul lungo termine. Solo esercitando scelte coraggiose possiamo uscire da questi schemi e riscoprire l\u2019essenza del bene comune e del vivere insieme.<\/p>\n<p>Pertanto, a questo Legislativo, chiedo coraggio nell\u2019abbandonare il sentiero battuto dell\u2019individualismo politico per imboccare la strada dell\u2019apertura e della solidariet\u00e0, pi\u00f9 che mai necessaria in un momento grave come quello presente. Soprattutto per i giovani che in questo periodo storico hanno necessit\u00e0 di riscoprire la capacit\u00e0 di dialogo con la politica; al di l\u00e0 degli schieramenti e dei partiti. Ritrovare un\u2019idea di societ\u00e0 positiva, solidale e concreta con lo sguardo rivolto al futuro, pronta ad agire e non solo a discutere all\u2019infinito.<\/p>\n<p>Le nuove generazioni rivendicano un futuro contraddistinto da un maggiore equilibrio sociale e ambientale, da un\u2019armonia tra uomo e natura e da un maggiore dialogo. Un avvenire che non lasci indietro nessuno e in cui il riappropriarsi delle attivit\u00e0 culturali pu\u00f2 divenire un mezzo per riflettere su noi stessi e sulla direzione in cui costruire il futuro post pandemico. Una mostra, un concerto, uno spettacolo teatrale, una lettura: ogni occasione, ogni evento corrisponderebbe ad un\u2019iniezione di fiducia, oggi pi\u00f9 che mai necessaria.<\/p>\n<p>La Filanda ha dimostrato quanto fosse necessario un luogo di incontro multi generazionale e di scambio, di nutrimento per l\u2019anima di tutte le cittadine e i cittadini di Mendrisio e della regione. Anzi, di tutta la comunit\u00e0, in senso pi\u00f9 ampio e inclusivo. Un circolo virtuoso da preservare e rinsaldare, tramite l\u2019individuazione e la realizzazione di spazi di aggregazione. La Citt\u00e0 di Mendrisio ha dimostrato negli anni d essere molto attenta alle esigenze della popolazione, ma resta ancora molto da fare. Un lavoro che potr\u00e0 essere realizzato solo lavorando insieme, in maniera lungimirante, perch\u00e9, proprio come comunit\u00e0, non possiamo e non dobbiamo e non possiamo negare alle nostre giovani e ai nostri giovani un futuro migliore.<\/p>\n<p>Concluso il mio intervento, ricordando a questo legislativo una citazione di Marcel Proust che amo molto e che racchiude l\u2019essenza del viaggio che stiamo tutti per intraprendere, insieme:<\/p>\n<p>\u00a0\u201c<em>Il vero viaggio di scoperta non consiste nel cercare nuove terre, ma nell\u2019avere nuovi occhi\u201d.<\/em><\/p>\n<p>A tutti voi, al Municipio e all\u2019Amministrazione, auguro buon lavoro.<\/p>\n<p><br \/>Daniela Carrara<\/p>\n<p>\u00a0<\/p>\n<p>\u00a0<\/p>\n<p>\u00a0<\/p>\n<p>\u00a0<\/p>    <\/div>\n<\/div>\n<!-- \/module text -->        <\/div>\n                        <\/div>\n        <\/div>\n        <\/div>\n<!--\/themify_builder_content-->","protected":false},"excerpt":{"rendered":"<p>\u00a0 Onorevoli Sindaco e Municipali, care colleghe e cari colleghi di Consiglio comunale, \u00e8 con molta gioia ed emozione che mi appresto ad assumere l\u2019 incarico di presidentessa del Consiglio comunale, un compito importante che non avrei mai pensato di ricoprire e per il quale vi ringrazio della fiducia che mia avete accordato questa sera. [&hellip;]<\/p>\n","protected":false},"author":1,"featured_media":1761,"comment_status":"closed","ping_status":"closed","sticky":false,"template":"","format":"standard","meta":{"footnotes":""},"categories":[6,3],"tags":[],"class_list":["post-1755","post","type-post","status-publish","format-standard","has-post-thumbnail","hentry","category-articoli","category-notizie","has-post-title","has-post-date","has-post-category","has-post-tag","has-post-comment","has-post-author",""],"_links":{"self":[{"href":"https:\/\/alternativamendrisio.ch\/index.php\/wp-json\/wp\/v2\/posts\/1755","targetHints":{"allow":["GET"]}}],"collection":[{"href":"https:\/\/alternativamendrisio.ch\/index.php\/wp-json\/wp\/v2\/posts"}],"about":[{"href":"https:\/\/alternativamendrisio.ch\/index.php\/wp-json\/wp\/v2\/types\/post"}],"author":[{"embeddable":true,"href":"https:\/\/alternativamendrisio.ch\/index.php\/wp-json\/wp\/v2\/users\/1"}],"replies":[{"embeddable":true,"href":"https:\/\/alternativamendrisio.ch\/index.php\/wp-json\/wp\/v2\/comments?post=1755"}],"version-history":[{"count":8,"href":"https:\/\/alternativamendrisio.ch\/index.php\/wp-json\/wp\/v2\/posts\/1755\/revisions"}],"predecessor-version":[{"id":2240,"href":"https:\/\/alternativamendrisio.ch\/index.php\/wp-json\/wp\/v2\/posts\/1755\/revisions\/2240"}],"wp:featuredmedia":[{"embeddable":true,"href":"https:\/\/alternativamendrisio.ch\/index.php\/wp-json\/wp\/v2\/media\/1761"}],"wp:attachment":[{"href":"https:\/\/alternativamendrisio.ch\/index.php\/wp-json\/wp\/v2\/media?parent=1755"}],"wp:term":[{"taxonomy":"category","embeddable":true,"href":"https:\/\/alternativamendrisio.ch\/index.php\/wp-json\/wp\/v2\/categories?post=1755"},{"taxonomy":"post_tag","embeddable":true,"href":"https:\/\/alternativamendrisio.ch\/index.php\/wp-json\/wp\/v2\/tags?post=1755"}],"curies":[{"name":"wp","href":"https:\/\/api.w.org\/{rel}","templated":true}]}}