{"id":1693,"date":"2021-03-17T18:38:30","date_gmt":"2021-03-17T18:38:30","guid":{"rendered":"https:\/\/alternativamendrisio.ch\/index.php\/2021\/03\/17\/per-una-mendrisio-studentesca-giovane-e-viva-copy\/"},"modified":"2021-03-17T18:40:39","modified_gmt":"2021-03-17T18:40:39","slug":"valera-deve-tornare-verde","status":"publish","type":"post","link":"https:\/\/alternativamendrisio.ch\/index.php\/2021\/03\/17\/valera-deve-tornare-verde\/","title":{"rendered":"Valera deve tornare verde!"},"content":{"rendered":"<!--themify_builder_content-->\n<div id=\"themify_builder_content-1693\" data-postid=\"1693\" class=\"themify_builder_content themify_builder_content-1693 themify_builder tf_clear\">\n                    <div  data-css_id=\"j866930\" data-lazy=\"1\" class=\"module_row themify_builder_row fullwidth tb_j866930 tb_first tf_w\">\n                        <div class=\"row_inner col_align_top tb_col_count_1 tf_box tf_rel\">\n                        <div  data-lazy=\"1\" class=\"module_column tb-column col-full tb_wpct931 first\">\n                    <!-- module text -->\n<div  class=\"module module-text tb_ys1c932   \" data-lazy=\"1\">\n        <div  class=\"tb_text_wrap\">\n        <p class=\"p1\"><span class=\"s1\">Il PUC di Valera riguarda un\u2019ampia zona del Mendrisiotto, regione che conosce una situazione territoriale e viaria giunta ormai al collasso e un tasso d\u2019inquinamento tra i pi\u00f9 elevati in Svizzera.<\/span><\/p>\n<p class=\"p1\"><span class=\"s1\">Proprio questo aveva indotto molte persone a firmare una petizione per la riconversione agricola del comparto che aveva raccolto, nel 2012, oltre 6800 firme. Dispiace vedere che c\u2019\u00e8 ancora qualche politico (o ex politico) che fatica a riconoscere nel ritorno all\u2019agricoltura e allo svago un\u2019opportunit\u00e0 per valorizzare quell\u2019importante porzione di territorio. <\/span><\/p>\n<p class=\"p1\"><span class=\"s1\">I tentativi falliti delle pianificazioni precedenti prevedevano ampie zone edificabili artigianali e industriali. La giustificazione per l\u2019ulteriore sacrificio di territorio \u00e8 sempre stata di tipo finanziario: venivano ipotizzati costi milionari in caso di esproprio materiale. Di questo aspetto si stanno ancora occupando i tribunali, dopo che l\u2019anno scorso il Tribunale di espropriazione si \u00e8 espresso respingendo integralmente le pretese dei proprietari: anche secondo i giudici la maggior parte dei terreni sono in zona non edificabile.<\/span><\/p>\n<p class=\"p1\"><span class=\"s1\">L\u2019ultima parola deve ancora essere scritta perch\u00e9 i proprietari hanno interposto ricorso; siamo per\u00f2 fiduciosi che le cose andranno nel senso da noi auspicato.<\/span><\/p>\n<p class=\"p1\"><span class=\"s1\">Su buona parte dei terreni per i quali il PUC prevede il ritorno dell\u2019agricoltura sorgevano i ben noti serbatoi per lo stoccaggio di idrocarburi, una destinazione dunque non di tipo lavorativo o artigianale. Ricordiamo che, quando una zona in un piano regolatore perde la sua funzione, rimane un vuoto pianificatorio e, di fatto, dovrebbe ritornare alla destinazione precedente, in questo caso agricola. Il parere dei giudici sembra andare proprio in questa direzione.<\/span><\/p>\n<p class=\"p1\"><span class=\"s1\">Non si tratterebbe dunque di dezonare terreni industriali-artigianali; il prospettato esproprio materiale riguarderebbe infatti soprattutto terreni agricoli, e in minor misura alcune superfici indicate come industriali nei precedenti piani regolatori.<\/span><\/p>\n<p class=\"p1\"><span class=\"s1\">Il PUC parte da questi presupposti e valuta il costo complessivo degli espropri in circa 6 milioni di franchi, una cifra che il Cantone \u00e8 intenzionato a pagare integralmente.<\/span><\/p>\n<p class=\"p1\"><span class=\"s1\">Noi crediamo sia vitale che anche sul fondovalle si trovino luoghi dove territorio e paesaggio siano preservati a vantaggio della qualit\u00e0 di vita di tutta la popolazione: uno di questi luoghi \u00e8 Valera, comparto che ha sub\u00ecto per decenni inquinamento e degrado.<\/span><\/p>\n<h6 class=\"p1\"><span class=\"s1\">foto: su gentile concessione del dipartimento del Territorio<\/span><\/h6>    <\/div>\n<\/div>\n<!-- \/module text -->        <\/div>\n                        <\/div>\n        <\/div>\n        <\/div>\n<!--\/themify_builder_content-->\n","protected":false},"excerpt":{"rendered":"<p>Il PUC di Valera riguarda un\u2019ampia zona del Mendrisiotto, regione che conosce una situazione territoriale e viaria giunta ormai al collasso e un tasso d\u2019inquinamento tra i pi\u00f9 elevati in Svizzera. Proprio questo aveva indotto molte persone a firmare una petizione per la riconversione agricola del comparto che aveva raccolto, nel 2012, oltre 6800 firme. [&hellip;]<\/p>\n","protected":false},"author":1,"featured_media":1697,"comment_status":"closed","ping_status":"closed","sticky":false,"template":"","format":"standard","meta":{"footnotes":""},"categories":[6,4,3],"tags":[],"class_list":["post-1693","post","type-post","status-publish","format-standard","has-post-thumbnail","hentry","category-articoli","category-in-evidenza","category-notizie","has-post-title","has-post-date","has-post-category","has-post-tag","has-post-comment","has-post-author",""],"_links":{"self":[{"href":"https:\/\/alternativamendrisio.ch\/index.php\/wp-json\/wp\/v2\/posts\/1693","targetHints":{"allow":["GET"]}}],"collection":[{"href":"https:\/\/alternativamendrisio.ch\/index.php\/wp-json\/wp\/v2\/posts"}],"about":[{"href":"https:\/\/alternativamendrisio.ch\/index.php\/wp-json\/wp\/v2\/types\/post"}],"author":[{"embeddable":true,"href":"https:\/\/alternativamendrisio.ch\/index.php\/wp-json\/wp\/v2\/users\/1"}],"replies":[{"embeddable":true,"href":"https:\/\/alternativamendrisio.ch\/index.php\/wp-json\/wp\/v2\/comments?post=1693"}],"version-history":[{"count":3,"href":"https:\/\/alternativamendrisio.ch\/index.php\/wp-json\/wp\/v2\/posts\/1693\/revisions"}],"predecessor-version":[{"id":1698,"href":"https:\/\/alternativamendrisio.ch\/index.php\/wp-json\/wp\/v2\/posts\/1693\/revisions\/1698"}],"wp:featuredmedia":[{"embeddable":true,"href":"https:\/\/alternativamendrisio.ch\/index.php\/wp-json\/wp\/v2\/media\/1697"}],"wp:attachment":[{"href":"https:\/\/alternativamendrisio.ch\/index.php\/wp-json\/wp\/v2\/media?parent=1693"}],"wp:term":[{"taxonomy":"category","embeddable":true,"href":"https:\/\/alternativamendrisio.ch\/index.php\/wp-json\/wp\/v2\/categories?post=1693"},{"taxonomy":"post_tag","embeddable":true,"href":"https:\/\/alternativamendrisio.ch\/index.php\/wp-json\/wp\/v2\/tags?post=1693"}],"curies":[{"name":"wp","href":"https:\/\/api.w.org\/{rel}","templated":true}]}}