{"id":1680,"date":"2021-03-17T18:31:40","date_gmt":"2021-03-17T18:31:40","guid":{"rendered":"https:\/\/alternativamendrisio.ch\/index.php\/2021\/03\/17\/cooperative-dabitazione-copy\/"},"modified":"2021-03-17T18:33:56","modified_gmt":"2021-03-17T18:33:56","slug":"la-popolazione-diminuisce-ma-si-continua-a-costruire","status":"publish","type":"post","link":"https:\/\/alternativamendrisio.ch\/index.php\/2021\/03\/17\/la-popolazione-diminuisce-ma-si-continua-a-costruire\/","title":{"rendered":"La popolazione diminuisce ma si continua a costruire"},"content":{"rendered":"<!--themify_builder_content-->\n<div id=\"themify_builder_content-1680\" data-postid=\"1680\" class=\"themify_builder_content themify_builder_content-1680 themify_builder tf_clear\">\n                    <div  data-css_id=\"wcu3192\" data-lazy=\"1\" class=\"module_row themify_builder_row fullwidth tb_wcu3192 tb_first tf_w\">\n                        <div class=\"row_inner col_align_top tb_col_count_1 tf_box tf_rel\">\n                        <div  data-lazy=\"1\" class=\"module_column tb-column col-full tb_garn196 first\">\n                    <!-- module text -->\n<div  class=\"module module-text tb_tw8q197   \" data-lazy=\"1\">\n        <div  class=\"tb_text_wrap\">\n        <p class=\"p1\"><span class=\"s1\">A Mendrisio, come nel resto del Cantone, la popolazione diminuisce: se in Ticino nel 2019 si sono contati quasi 2000 abitanti in meno, il nostro Comune ha visto una riduzione di 220 abitanti tra il 2016 e il 2019. \u00c8 vero che nel 2020 c&#8217;\u00e8 stato un lieve aumento di 25 persone, ma il saldo sui 4 anni \u00e8 negativo: meno 195 unit\u00e0. Eppure a Mendrisio si continuano a cementificare migliaia di metri quadrati di territorio, per appartamenti che rimarranno in gran parte vuoti. Per non parlare dei capannoni che spesso sono destinati ad attivit\u00e0 per posti di lavoro mal retribuiti. <\/span><\/p>\n<p class=\"p1\"><span class=\"s1\">Dallo scorso dicembre \u00e8 nelle mani del Municipio il tanto atteso Compendio dello stato dell&#8217;urbanizzazione, il documento che indica il dimensionamento delle riserve dei Piani regolatori comunali. Il Compendio fa stato di riserve dei PR che permetterebbero l&#8217;insediamento di 5&#8217;370 abitanti nei prossimi 15 anni, mentre la previsione di crescita, calcolata dal Dipartimento del Territorio, si aggira sulle 1800 unit\u00e0. <\/span><\/p>\n<p class=\"p1\"><span class=\"s1\">In realt\u00e0 se la tendenza al ribasso sar\u00e0 confermata non si raggiungeranno nemmeno quei 1800 residenti in pi\u00f9. Lo stesso discorso, con numeri pi\u00f9 contenuti, vale per i posti di lavoro.<\/span><\/p>\n<p class=\"p1\"><span class=\"s1\">Com&#8217;era facile prevedere i Piani regolatori di Mendrisio sono sovradimensionati, \u00e8 dunque necessario mettervi mano. <\/span><\/p>\n<p class=\"p1\"><span class=\"s1\">Compito arduo che il Municipio intende affrontare applicando i principi del Piano direttore comunale. C&#8217;\u00e8 da sperare che non si arrivi troppo tardi, quando i proverbiali buoi saranno fuori dalla stalla.<\/span><\/p>\n<h6>foto: unspalsh &#8211; nacho<\/h6>    <\/div>\n<\/div>\n<!-- \/module text -->        <\/div>\n                        <\/div>\n        <\/div>\n        <\/div>\n<!--\/themify_builder_content-->\n","protected":false},"excerpt":{"rendered":"<p>A Mendrisio, come nel resto del Cantone, la popolazione diminuisce: se in Ticino nel 2019 si sono contati quasi 2000 abitanti in meno, il nostro Comune ha visto una riduzione di 220 abitanti tra il 2016 e il 2019. \u00c8 vero che nel 2020 c&#8217;\u00e8 stato un lieve aumento di 25 persone, ma il saldo [&hellip;]<\/p>\n","protected":false},"author":1,"featured_media":1686,"comment_status":"closed","ping_status":"closed","sticky":false,"template":"","format":"standard","meta":{"footnotes":""},"categories":[6,4,3],"tags":[],"class_list":["post-1680","post","type-post","status-publish","format-standard","has-post-thumbnail","hentry","category-articoli","category-in-evidenza","category-notizie","has-post-title","has-post-date","has-post-category","has-post-tag","has-post-comment","has-post-author",""],"_links":{"self":[{"href":"https:\/\/alternativamendrisio.ch\/index.php\/wp-json\/wp\/v2\/posts\/1680","targetHints":{"allow":["GET"]}}],"collection":[{"href":"https:\/\/alternativamendrisio.ch\/index.php\/wp-json\/wp\/v2\/posts"}],"about":[{"href":"https:\/\/alternativamendrisio.ch\/index.php\/wp-json\/wp\/v2\/types\/post"}],"author":[{"embeddable":true,"href":"https:\/\/alternativamendrisio.ch\/index.php\/wp-json\/wp\/v2\/users\/1"}],"replies":[{"embeddable":true,"href":"https:\/\/alternativamendrisio.ch\/index.php\/wp-json\/wp\/v2\/comments?post=1680"}],"version-history":[{"count":4,"href":"https:\/\/alternativamendrisio.ch\/index.php\/wp-json\/wp\/v2\/posts\/1680\/revisions"}],"predecessor-version":[{"id":1685,"href":"https:\/\/alternativamendrisio.ch\/index.php\/wp-json\/wp\/v2\/posts\/1680\/revisions\/1685"}],"wp:featuredmedia":[{"embeddable":true,"href":"https:\/\/alternativamendrisio.ch\/index.php\/wp-json\/wp\/v2\/media\/1686"}],"wp:attachment":[{"href":"https:\/\/alternativamendrisio.ch\/index.php\/wp-json\/wp\/v2\/media?parent=1680"}],"wp:term":[{"taxonomy":"category","embeddable":true,"href":"https:\/\/alternativamendrisio.ch\/index.php\/wp-json\/wp\/v2\/categories?post=1680"},{"taxonomy":"post_tag","embeddable":true,"href":"https:\/\/alternativamendrisio.ch\/index.php\/wp-json\/wp\/v2\/tags?post=1680"}],"curies":[{"name":"wp","href":"https:\/\/api.w.org\/{rel}","templated":true}]}}