{"id":1657,"date":"2021-03-17T17:55:22","date_gmt":"2021-03-17T17:55:22","guid":{"rendered":"https:\/\/alternativamendrisio.ch\/index.php\/2021\/03\/17\/le-impronte-visibili-della-parita-copy\/"},"modified":"2021-03-17T18:37:23","modified_gmt":"2021-03-17T18:37:23","slug":"ecco-come-i-giovani-abitano-la-filanda-2","status":"publish","type":"post","link":"https:\/\/alternativamendrisio.ch\/index.php\/2021\/03\/17\/ecco-come-i-giovani-abitano-la-filanda-2\/","title":{"rendered":"Ecco come i giovani abitano la Filanda"},"content":{"rendered":"<!--themify_builder_content-->\n<div id=\"themify_builder_content-1657\" data-postid=\"1657\" class=\"themify_builder_content themify_builder_content-1657 themify_builder tf_clear\">\n                    <div  data-css_id=\"f8ws834\" data-lazy=\"1\" class=\"module_row themify_builder_row fullwidth tb_f8ws834 tb_first tf_w\">\n                        <div class=\"row_inner col_align_top tb_col_count_1 tf_box tf_rel\">\n                        <div  data-lazy=\"1\" class=\"module_column tb-column col-full tb_02ue836 first\">\n                    <!-- module text -->\n<div  class=\"module module-text tb_lg6w836   \" data-lazy=\"1\">\n        <div  class=\"tb_text_wrap\">\n        <p class=\"p1\">La riapertura della Filanda trasformata in centro culturale ha sicuramente rappresentato una svolta nelle abitudini di una buona parte dei giovani e degli studenti mom\u00f2. L&#8217;integrazione della Biblioteca Cantonale con la vasta offerta di attivit\u00e0, un&#8217;area svago e l&#8217;ampiezza dello spettro di pubblico cui si rivolge, la rendono un espe<span class=\"s1\">rimento ben riuscito che porta alla Citt\u00e0 di Mendrisio un grande valore aggiunto. Si tratta di un primo passo verso la ricostruzione di quei luoghi di associazione pubblica che stanno sparendo. Con differente intensit\u00e0, in tutte le fasce d&#8217;et\u00e0 della popolazione si verifica uno spopolamento dei luoghi di aggregazione come bar e piazze. Basti pensare al Magnifico Borgo: un tempo luogo d&#8217;incontro, oggi animato solo in rare occasioni. Durante la Sagra del Borgo, ad esempio, \u00e8 facile vedere le potenzialit\u00e0 che le sue vie offrono per tornare ad essere un polo della vita sociale cittadina. Agire in questo senso \u00e8 fondamentale per valorizzare maggiormente il nostro distretto.<\/span><\/p>\n<h6 class=\"p1\"><span class=\"s1\">foto: Iolanda Pensa &#8211; Wikimedia<\/span><\/h6>    <\/div>\n<\/div>\n<!-- \/module text -->        <\/div>\n                        <\/div>\n        <\/div>\n        <\/div>\n<!--\/themify_builder_content-->","protected":false},"excerpt":{"rendered":"<p>La riapertura della Filanda trasformata in centro culturale ha sicuramente rappresentato una svolta nelle abitudini di una buona parte dei giovani e degli studenti mom\u00f2. L&#8217;integrazione della Biblioteca Cantonale con la vasta offerta di attivit\u00e0, un&#8217;area svago e l&#8217;ampiezza dello spettro di pubblico cui si rivolge, la rendono un esperimento ben riuscito che porta alla [&hellip;]<\/p>\n","protected":false},"author":1,"featured_media":1661,"comment_status":"closed","ping_status":"closed","sticky":false,"template":"","format":"standard","meta":{"footnotes":""},"categories":[6,4,3],"tags":[],"class_list":["post-1657","post","type-post","status-publish","format-standard","has-post-thumbnail","hentry","category-articoli","category-in-evidenza","category-notizie","has-post-title","has-post-date","has-post-category","has-post-tag","has-post-comment","has-post-author",""],"_links":{"self":[{"href":"https:\/\/alternativamendrisio.ch\/index.php\/wp-json\/wp\/v2\/posts\/1657","targetHints":{"allow":["GET"]}}],"collection":[{"href":"https:\/\/alternativamendrisio.ch\/index.php\/wp-json\/wp\/v2\/posts"}],"about":[{"href":"https:\/\/alternativamendrisio.ch\/index.php\/wp-json\/wp\/v2\/types\/post"}],"author":[{"embeddable":true,"href":"https:\/\/alternativamendrisio.ch\/index.php\/wp-json\/wp\/v2\/users\/1"}],"replies":[{"embeddable":true,"href":"https:\/\/alternativamendrisio.ch\/index.php\/wp-json\/wp\/v2\/comments?post=1657"}],"version-history":[{"count":4,"href":"https:\/\/alternativamendrisio.ch\/index.php\/wp-json\/wp\/v2\/posts\/1657\/revisions"}],"predecessor-version":[{"id":1690,"href":"https:\/\/alternativamendrisio.ch\/index.php\/wp-json\/wp\/v2\/posts\/1657\/revisions\/1690"}],"wp:featuredmedia":[{"embeddable":true,"href":"https:\/\/alternativamendrisio.ch\/index.php\/wp-json\/wp\/v2\/media\/1661"}],"wp:attachment":[{"href":"https:\/\/alternativamendrisio.ch\/index.php\/wp-json\/wp\/v2\/media?parent=1657"}],"wp:term":[{"taxonomy":"category","embeddable":true,"href":"https:\/\/alternativamendrisio.ch\/index.php\/wp-json\/wp\/v2\/categories?post=1657"},{"taxonomy":"post_tag","embeddable":true,"href":"https:\/\/alternativamendrisio.ch\/index.php\/wp-json\/wp\/v2\/tags?post=1657"}],"curies":[{"name":"wp","href":"https:\/\/api.w.org\/{rel}","templated":true}]}}