{"id":1652,"date":"2021-03-17T17:51:59","date_gmt":"2021-03-17T17:51:59","guid":{"rendered":"https:\/\/alternativamendrisio.ch\/index.php\/2021\/03\/17\/non-toglieteci-il-futuro-copy\/"},"modified":"2021-03-17T18:37:41","modified_gmt":"2021-03-17T18:37:41","slug":"le-impronte-visibili-della-parita","status":"publish","type":"post","link":"https:\/\/alternativamendrisio.ch\/index.php\/2021\/03\/17\/le-impronte-visibili-della-parita\/","title":{"rendered":"Le impronte visibili della parit\u00e0"},"content":{"rendered":"<!--themify_builder_content-->\n<div id=\"themify_builder_content-1652\" data-postid=\"1652\" class=\"themify_builder_content themify_builder_content-1652 themify_builder tf_clear\">\n                    <div  data-css_id=\"e7mf914\" data-lazy=\"1\" class=\"module_row themify_builder_row fullwidth tb_e7mf914 tb_first tf_w\">\n                        <div class=\"row_inner col_align_top tb_col_count_1 tf_box tf_rel\">\n                        <div  data-lazy=\"1\" class=\"module_column tb-column col-full tb_up8z914 first\">\n                    <!-- module text -->\n<div  class=\"module module-text tb_n6wn915   \" data-lazy=\"1\">\n        <div  class=\"tb_text_wrap\">\n        <p class=\"p1\"><b>\u00abMendrisio, unico polo con <\/b><b>due donne in Municipio, si tinge sempre di pi\u00f9 con i colori della <\/b><b>parit\u00e0 di genere. <\/b><b>L\u2019AlternativA ne \u00e8 ispiratrice\u00bb<\/b><\/p>\n<p class=\"p1\"><span class=\"s1\">Buona la seconda. Mendrisio avr\u00e0 delle vie al femminile. Dopo la seconda interrogazione promossa da Verdi e Sinistra &#8211; e sostenuta da consiglieri e consigliere comunali di tutti i partiti &#8211; nel nostro Comune ci saranno tracce visibili delle donne che hanno avuto un ruolo di primo piano a diversi livelli. Dopo due interrogazioni, quindi, \u00e8 stata riattivata la Commissione toponomastica che ha lavorato molto bene. Del resto ridisegnare le citt\u00e0 in una prospettiva di genere non \u00e8 un\u2019impresa impossibile, a partire dai nomi di strade e piazze. C\u2019\u00e8 solo bisogno della volont\u00e0 politica. E Mendrisio non si \u00e8 tirata indietro, coinvolgendo anche le Commissioni di quartiere che hanno generalmente ben accolto il progetto. Le vie al femminile dovrebbero perci\u00f2 essere molto presto una realt\u00e0, permettendo cos\u00ec a Mendrisio di essere all\u2019avanguardia. E di seguire in modo virtuoso le orme della citt\u00e0 di Ginevra, che ha creduto nell\u2019importanza di rendere visibili le donne che nel tempo hanno tenacemente intrecciato trame sottili, ma consistenti, di relazioni e dimensioni storiche a carattere \u201corizzontale\u201d. E che, nei secoli, hanno determinato la sopravvivenza del tessuto umano, e quindi anche urbano, delle comunit\u00e0.<\/span><\/p>\n<p class=\"p1\">Buona la prima invece per il bilancio di genere, mozione pure promossa da Sinistra e Verdi nel 2016 e sostenuta da tutti i partiti politici. A dimostrazione che quando c\u2019\u00e8 convergenza, i progetti si realizzano. Ora dalla presentazione del Bilancio di genere occorrer\u00e0 passare al Piano di azione. E l\u2019AlternativA \u00e8 pronta a fare la sua parte in modo costruttivo, proponendo idee e soluzioni.<\/p>\n<p class=\"p1\"><span class=\"s1\">Per migliorare la conciliazione tra famiglia e lavoro occorre, ad esempio, promuovere maggiormente l\u2019offerta dei servizi del comune soprattutto rivolti ai neogenitori (potenziare dunque il settore dell\u2019infanzia) e ai famigliari curanti. Per quanto riguarda la mobilit\u00e0 e i tempi della citt\u00e0, sarebbe importante rivedere la politica dei trasporti dal punto di vista di genere, cio\u00e8 tenendo in considerazione orari, i tempi della vita e di funzionamento della citt\u00e0. Se prendiamo il capitolo della cura di s\u00e9 e del tempo libero, occorre prima di tutto riconoscere che donne e uomini hanno esperienze ed interessi diversi in materia di cultura, sport e tempo libero; in secondo luogo sar\u00e0 necessario assicurare che donne e uomini possano beneficiare e accedere equamente ad impianti e infrastrutture della <\/span>citt\u00e0.<\/p>\n<h6>foto: Fran\u00e7oise Gehring<\/h6>    <\/div>\n<\/div>\n<!-- \/module text -->        <\/div>\n                        <\/div>\n        <\/div>\n        <\/div>\n<!--\/themify_builder_content-->","protected":false},"excerpt":{"rendered":"<p>\u00abMendrisio, unico polo con due donne in Municipio, si tinge sempre di pi\u00f9 con i colori della parit\u00e0 di genere. L\u2019AlternativA ne \u00e8 ispiratrice\u00bb Buona la seconda. Mendrisio avr\u00e0 delle vie al femminile. Dopo la seconda interrogazione promossa da Verdi e Sinistra &#8211; e sostenuta da consiglieri e consigliere comunali di tutti i partiti &#8211; [&hellip;]<\/p>\n","protected":false},"author":1,"featured_media":1656,"comment_status":"closed","ping_status":"closed","sticky":false,"template":"","format":"standard","meta":{"footnotes":""},"categories":[6,4,3],"tags":[],"class_list":["post-1652","post","type-post","status-publish","format-standard","has-post-thumbnail","hentry","category-articoli","category-in-evidenza","category-notizie","has-post-title","has-post-date","has-post-category","has-post-tag","has-post-comment","has-post-author",""],"_links":{"self":[{"href":"https:\/\/alternativamendrisio.ch\/index.php\/wp-json\/wp\/v2\/posts\/1652","targetHints":{"allow":["GET"]}}],"collection":[{"href":"https:\/\/alternativamendrisio.ch\/index.php\/wp-json\/wp\/v2\/posts"}],"about":[{"href":"https:\/\/alternativamendrisio.ch\/index.php\/wp-json\/wp\/v2\/types\/post"}],"author":[{"embeddable":true,"href":"https:\/\/alternativamendrisio.ch\/index.php\/wp-json\/wp\/v2\/users\/1"}],"replies":[{"embeddable":true,"href":"https:\/\/alternativamendrisio.ch\/index.php\/wp-json\/wp\/v2\/comments?post=1652"}],"version-history":[{"count":5,"href":"https:\/\/alternativamendrisio.ch\/index.php\/wp-json\/wp\/v2\/posts\/1652\/revisions"}],"predecessor-version":[{"id":1691,"href":"https:\/\/alternativamendrisio.ch\/index.php\/wp-json\/wp\/v2\/posts\/1652\/revisions\/1691"}],"wp:featuredmedia":[{"embeddable":true,"href":"https:\/\/alternativamendrisio.ch\/index.php\/wp-json\/wp\/v2\/media\/1656"}],"wp:attachment":[{"href":"https:\/\/alternativamendrisio.ch\/index.php\/wp-json\/wp\/v2\/media?parent=1652"}],"wp:term":[{"taxonomy":"category","embeddable":true,"href":"https:\/\/alternativamendrisio.ch\/index.php\/wp-json\/wp\/v2\/categories?post=1652"},{"taxonomy":"post_tag","embeddable":true,"href":"https:\/\/alternativamendrisio.ch\/index.php\/wp-json\/wp\/v2\/tags?post=1652"}],"curies":[{"name":"wp","href":"https:\/\/api.w.org\/{rel}","templated":true}]}}