{"id":1645,"date":"2021-03-17T17:42:27","date_gmt":"2021-03-17T17:42:27","guid":{"rendered":"https:\/\/alternativamendrisio.ch\/index.php\/2021\/03\/17\/la-coesione-sociale-passa-dalla-citta-copy\/"},"modified":"2021-03-17T18:38:03","modified_gmt":"2021-03-17T18:38:03","slug":"non-toglieteci-il-futuro","status":"publish","type":"post","link":"https:\/\/alternativamendrisio.ch\/index.php\/2021\/03\/17\/non-toglieteci-il-futuro\/","title":{"rendered":"\u00abNon toglieteci il futuro!\u00bb"},"content":{"rendered":"<!--themify_builder_content-->\n<div id=\"themify_builder_content-1645\" data-postid=\"1645\" class=\"themify_builder_content themify_builder_content-1645 themify_builder tf_clear\">\n                    <div  data-css_id=\"9js7558\" data-lazy=\"1\" class=\"module_row themify_builder_row fullwidth tb_9js7558 tb_first tf_w\">\n                        <div class=\"row_inner col_align_top tb_col_count_1 tf_box tf_rel\">\n                        <div  data-lazy=\"1\" class=\"module_column tb-column col-full tb_2vrz559 first\">\n                    <!-- module text -->\n<div  class=\"module module-text tb_umog559   \" data-lazy=\"1\">\n        <div  class=\"tb_text_wrap\">\n        <p class=\"p1\"><b>\u00abSiamo diversi da quei giovani che trenta, quaranta o cinquanta anni fa, potevano fare a meno di angosciarsi per il loro avvenire <br \/>a causa del clima\u00bb<\/b><\/p>\n<p class=\"p1\">La visione che noi giovani abbiamo del nostro futuro \u00e8 nichilista. Non solo per le mille preoccupazioni che un giovane ha il diritto di avere, ma perch\u00e9 la nostra generazione dovr\u00e0 fare i conti con il cambiamento climatico. Per noi il futuro \u00e8 un problema da risolvere, non un\u2019opportunit\u00e0 da sfruttare.<\/p>\n<p class=\"p1\"><span class=\"s1\">Siamo diversi da quei giovani che trenta, quaranta o cinquanta anni fa, potevano fare a meno di angosciarsi per il loro avvenire a causa del clima. Ci sentiamo vittime di scelte incoscienti fatte da persone che, perseguendo un benessere temporaneo e una crescita economica eterna, si sono dimenticate di noi. Noi che il conto ambientale e sociale dovremo pagarlo.<\/span><span class=\"Apple-converted-space\">\u00a0 <\/span>Eppure, c\u2019\u00e8 ancora chi dubita dell\u2019esistenza del cambiamento climatico. C\u2019\u00e8 chi dice che stiamo facendo le vittime. C\u2019\u00e8 chi, sentendosi accusato, storce il naso quando riflettiamo sul vostro passato e sul nostro futuro. C\u2019\u00e8 chi condanna quei giovani che, in tutto il mondo, si sono indignati e hanno deciso di combattere per il diritto ad avere un futuro.<\/p>\n<p class=\"p1\">Le previsioni che prefigurano un futuro che cambier\u00e0 radicalmente il nostro modo di vivere possono suscitare un senso di impotenza e turbamento che di certo nessuno vorrebbe provare. \u00c8 normale e lo capiamo. Capiamo il fastidio provocato dalla nostra condanna di scelte che i pi\u00f9 considerano dogmi, prese in passato da uomini e donne autorevoli. Capiamo persino l\u2019astio scaturito nelle generazioni pi\u00f9 anziane nel farsi fare la morale da ragazzini che mettono delle tende su Piazza Federale.<\/p>\n<p class=\"p1\">Ma tutto ci\u00f2 non giustifica l\u2019immobilismo e la lentezza con la quale questi temi vengono affrontati. Siamo convinti che le mille sfide di cui si occupa la politica (N.B. quelle importanti, non quelle superflue e ridicole come il divieto di indossare il burqa, per esempio) debbano essere subordinate alla transizione ecologica e al cambiamento strutturale dell\u2019economia.<\/p>\n<p class=\"p1\">Chiediamo principalmente comprensione. Ma pretendiamo anche che la politica apra gli occhi su un\u2019emergenza climatica che la pandemia non ha evidentemente cancellato. A voi un futuro sereno \u00e8 stato garantito. A noi lo state levando. <b>J.S<\/b><\/p>\n<h6>foto: Fran\u00e7oise Gehring<\/h6>    <\/div>\n<\/div>\n<!-- \/module text -->        <\/div>\n                        <\/div>\n        <\/div>\n        <\/div>\n<!--\/themify_builder_content-->","protected":false},"excerpt":{"rendered":"<p>\u00abSiamo diversi da quei giovani che trenta, quaranta o cinquanta anni fa, potevano fare a meno di angosciarsi per il loro avvenire a causa del clima\u00bb La visione che noi giovani abbiamo del nostro futuro \u00e8 nichilista. Non solo per le mille preoccupazioni che un giovane ha il diritto di avere, ma perch\u00e9 la nostra [&hellip;]<\/p>\n","protected":false},"author":1,"featured_media":1651,"comment_status":"closed","ping_status":"closed","sticky":false,"template":"","format":"standard","meta":{"footnotes":""},"categories":[6,4,3],"tags":[],"class_list":["post-1645","post","type-post","status-publish","format-standard","has-post-thumbnail","hentry","category-articoli","category-in-evidenza","category-notizie","has-post-title","has-post-date","has-post-category","has-post-tag","has-post-comment","has-post-author",""],"_links":{"self":[{"href":"https:\/\/alternativamendrisio.ch\/index.php\/wp-json\/wp\/v2\/posts\/1645","targetHints":{"allow":["GET"]}}],"collection":[{"href":"https:\/\/alternativamendrisio.ch\/index.php\/wp-json\/wp\/v2\/posts"}],"about":[{"href":"https:\/\/alternativamendrisio.ch\/index.php\/wp-json\/wp\/v2\/types\/post"}],"author":[{"embeddable":true,"href":"https:\/\/alternativamendrisio.ch\/index.php\/wp-json\/wp\/v2\/users\/1"}],"replies":[{"embeddable":true,"href":"https:\/\/alternativamendrisio.ch\/index.php\/wp-json\/wp\/v2\/comments?post=1645"}],"version-history":[{"count":6,"href":"https:\/\/alternativamendrisio.ch\/index.php\/wp-json\/wp\/v2\/posts\/1645\/revisions"}],"predecessor-version":[{"id":1692,"href":"https:\/\/alternativamendrisio.ch\/index.php\/wp-json\/wp\/v2\/posts\/1645\/revisions\/1692"}],"wp:featuredmedia":[{"embeddable":true,"href":"https:\/\/alternativamendrisio.ch\/index.php\/wp-json\/wp\/v2\/media\/1651"}],"wp:attachment":[{"href":"https:\/\/alternativamendrisio.ch\/index.php\/wp-json\/wp\/v2\/media?parent=1645"}],"wp:term":[{"taxonomy":"category","embeddable":true,"href":"https:\/\/alternativamendrisio.ch\/index.php\/wp-json\/wp\/v2\/categories?post=1645"},{"taxonomy":"post_tag","embeddable":true,"href":"https:\/\/alternativamendrisio.ch\/index.php\/wp-json\/wp\/v2\/tags?post=1645"}],"curies":[{"name":"wp","href":"https:\/\/api.w.org\/{rel}","templated":true}]}}