{"id":1618,"date":"2021-02-19T16:19:36","date_gmt":"2021-02-19T16:19:36","guid":{"rendered":"https:\/\/alternativamendrisio.ch\/index.php\/2021\/02\/19\/i-risvolti-oscuri-dellolio-di-palma-copy\/"},"modified":"2021-02-19T16:25:54","modified_gmt":"2021-02-19T16:25:54","slug":"una-nuova-sede-della-scc-nel-mendrisiotto","status":"publish","type":"post","link":"https:\/\/alternativamendrisio.ch\/index.php\/2021\/02\/19\/una-nuova-sede-della-scc-nel-mendrisiotto\/","title":{"rendered":"Una nuova sede della SCC nel Mendrisiotto"},"content":{"rendered":"<!--themify_builder_content-->\n<div id=\"themify_builder_content-1618\" data-postid=\"1618\" class=\"themify_builder_content themify_builder_content-1618 themify_builder tf_clear\">\n                    <div  data-css_id=\"z2m1292\" data-lazy=\"1\" class=\"module_row themify_builder_row fullwidth tb_z2m1292 tb_first tf_w\">\n                        <div class=\"row_inner col_align_top tb_col_count_1 tf_box tf_rel\">\n                        <div  data-lazy=\"1\" class=\"module_column tb-column col-full tb_ve1x294 first\">\n                    <!-- module text -->\n<div  class=\"module module-text tb_kp1s295   \" data-lazy=\"1\">\n        <div  class=\"tb_text_wrap\">\n        <p>Affinch\u00e9 un tema riesca a smuovere l\u2019opinione pubblica, occorre trattarlo a fondo per dimostrare che i pro sono numericamente superiori ai contro e che questi ultimi sono di gran lunga sostenibili; ma soprattutto bisogna parlarne. Solo in questo modo \u00e8 possibile esercitare la pressione necessaria sulla politica affinch\u00e9 le cose finalmente cambino.\u00a0 \u00a0<br \/>\u00c8 il caso, ad esempio, della questione relativa ad un\u2019eventuale nuova sede della Scuola Cantonale di Commercio nel nostro Distretto.\u00a0<br \/>Qualche anno fa, l\u2019MPS lanci\u00f2 l\u2019idea di creare una nuova sede della SCC nel Mendrisiotto. Tale proposta fu ripresa e sostenuta alle nostre latitudini anche dal nostro gruppo, allo scopo di rendere pi\u00f9 agevole la vita dei circa seicentocinquanta studenti del Sottoceneri. Noi giovani dell\u2019AlternativA crediamo ancora in questo progetto e il nostro sogno sarebbe di vedere realizzata una seconda sede una seconda sede a Mendrisio.\u00a0<br \/>Ci\u00f2 darebbe maggiore prestigio alla nostra citt\u00e0 &#8211; come conseguenza delle interessanti sinergie che si verrebbero a creare con le numerose sedi scolastiche gi\u00e0 presenti sul nostro territorio &#8211; e sgraverebbe in modo significativo il traffico ferroviario gi\u00e0 congestionato durante quegli orari in cui il transito degli studenti si sovrappone a quello dei pendolari.\u00a0<br \/>\u00c8 inutile continuare a negarlo: l\u2019offerta ferroviaria va ripensata e potenziata, tenendo in dovuta considerazione i bisogni della popolazione residente. Il nostro sostegno incondizionato a questa proposta va proprio in questa direzione.\u00a0<br \/>Sosteniamo inoltre la creazione di un ulteriore polo scolastico e studentesco di cui beneficerebbe tutto il Cantone, anche in virt\u00f9 della nuova stazione ferroviaria che funger\u00e0 da fulcro di una rete di trasporto pubblico che, a nostro modo di vedere, dovrebbe essere capillare e funzionale ai bisogni della popolazione. Noi giovani dell\u2019AlternativA vogliamo una Mendrisio studentesca, giovane e viva, in cui l\u2019offerta formativa e ricreativa siano sempre pi\u00f9 attrattive e alla portata di tutti.\u00a0<br \/>Una Mendrisio che non abbia paura di confrontarsi con questa nuova, intrigante sfida e che abbia il coraggio di riscoprirsi citt\u00e0 a misura di studente.<\/p>\n<p>Jacopo Scacchi, candidato al Municipio e al CC di Mendrisio;<\/p>\n<p>Emanuele Lopa, candidato al CC di Mendrisio;<\/p>\n<p>Francesco Lopa, candidato al CC di Mendrisio.<\/p>\n<p>\u00a0<\/p>\n<p>\u00a0<\/p>\n<p>\u00a0<\/p>    <\/div>\n<\/div>\n<!-- \/module text -->        <\/div>\n                        <\/div>\n        <\/div>\n        <\/div>\n<!--\/themify_builder_content-->\n","protected":false},"excerpt":{"rendered":"<p>Affinch\u00e9 un tema riesca a smuovere l\u2019opinione pubblica, occorre trattarlo a fondo per dimostrare che i pro sono numericamente superiori ai contro e che questi ultimi sono di gran lunga sostenibili; ma soprattutto bisogna parlarne. Solo in questo modo \u00e8 possibile esercitare la pressione necessaria sulla politica affinch\u00e9 le cose finalmente cambino.\u00a0 \u00a0\u00c8 il caso, [&hellip;]<\/p>\n","protected":false},"author":1,"featured_media":1622,"comment_status":"closed","ping_status":"closed","sticky":false,"template":"","format":"standard","meta":{"footnotes":""},"categories":[6,4,3],"tags":[],"class_list":["post-1618","post","type-post","status-publish","format-standard","has-post-thumbnail","hentry","category-articoli","category-in-evidenza","category-notizie","has-post-title","has-post-date","has-post-category","has-post-tag","has-post-comment","has-post-author",""],"_links":{"self":[{"href":"https:\/\/alternativamendrisio.ch\/index.php\/wp-json\/wp\/v2\/posts\/1618","targetHints":{"allow":["GET"]}}],"collection":[{"href":"https:\/\/alternativamendrisio.ch\/index.php\/wp-json\/wp\/v2\/posts"}],"about":[{"href":"https:\/\/alternativamendrisio.ch\/index.php\/wp-json\/wp\/v2\/types\/post"}],"author":[{"embeddable":true,"href":"https:\/\/alternativamendrisio.ch\/index.php\/wp-json\/wp\/v2\/users\/1"}],"replies":[{"embeddable":true,"href":"https:\/\/alternativamendrisio.ch\/index.php\/wp-json\/wp\/v2\/comments?post=1618"}],"version-history":[{"count":3,"href":"https:\/\/alternativamendrisio.ch\/index.php\/wp-json\/wp\/v2\/posts\/1618\/revisions"}],"predecessor-version":[{"id":1621,"href":"https:\/\/alternativamendrisio.ch\/index.php\/wp-json\/wp\/v2\/posts\/1618\/revisions\/1621"}],"wp:featuredmedia":[{"embeddable":true,"href":"https:\/\/alternativamendrisio.ch\/index.php\/wp-json\/wp\/v2\/media\/1622"}],"wp:attachment":[{"href":"https:\/\/alternativamendrisio.ch\/index.php\/wp-json\/wp\/v2\/media?parent=1618"}],"wp:term":[{"taxonomy":"category","embeddable":true,"href":"https:\/\/alternativamendrisio.ch\/index.php\/wp-json\/wp\/v2\/categories?post=1618"},{"taxonomy":"post_tag","embeddable":true,"href":"https:\/\/alternativamendrisio.ch\/index.php\/wp-json\/wp\/v2\/tags?post=1618"}],"curies":[{"name":"wp","href":"https:\/\/api.w.org\/{rel}","templated":true}]}}